{"id":8466,"date":"2016-04-14T19:03:05","date_gmt":"2016-04-14T17:03:05","guid":{"rendered":"http:\/\/pasarelagasteizon.com\/wordpress\/?p=8466"},"modified":"2016-04-14T19:03:05","modified_gmt":"2016-04-14T17:03:05","slug":"22o-encuentro-nuevos-creadores-moda-pasarela-gasteiz-on-by-makurrina","status":"publish","type":"post","link":"http:\/\/pasarelagasteizon.com\/wordpress\/22o-encuentro-nuevos-creadores-moda-pasarela-gasteiz-on-by-makurrina\/","title":{"rendered":"22\u00ba Encuentro de Nuevos Creadores de Moda &#8211; Pasarela Gasteiz On by Makurrina"},"content":{"rendered":"<p><span style=\"font-size: large\"><span style=\"font-family: 'verdana' , sans-serif\">Hola soletes!!!<\/span><\/span><br \/>\n<span style=\"font-size: large\"><span style=\"font-family: 'verdana' , sans-serif\">Ayer <span style=\"font-family: 'verdana' , sans-serif\"><a href=\"http:\/\/pasarelagasteizon.com\/wordpress\/\" target=\"_blank\">Pasarela <span style=\"font-family: 'verdana' , sans-serif\">G<\/span>asteiz On<\/a> acogi\u00f3 el 22\u00ba Encu<span style=\"font-family: 'verdana' , sans-serif\">en<\/span>tro de Nuevos Creadores de <span style=\"font-family: 'verdana' , sans-serif\">Moda.<\/span><\/span><\/span><\/span><br \/>\n<span style=\"font-size: large\"><span style=\"font-family: 'verdana' , sans-serif\"><span style=\"font-family: 'verdana' , sans-serif\"><span style=\"font-family: 'verdana' , sans-serif\">Pon<span style=\"font-family: 'verdana' , sans-serif\">e<\/span>os c\u00f3modos, coged palomitas o algo porque <span style=\"font-family: 'verdana' , sans-serif\">este post va a ser muy largo, ya que <\/span>9 nuevos dise\u00f1adores lucieron en nuestra pasarela sus propuestas. Os los presento en orden de aparici\u00f3n y el viernes se entregar\u00e1 el \u00ab<span style=\"font-family: 'verdana' , sans-serif\">Premio a la Mejor Colecci\u00f3n\u00bb<span style=\"font-family: 'verdana' , sans-serif\"> y el \u00abPremio al <span style=\"font-family: 'verdana' , sans-serif\">Modelo con mayor <span style=\"font-family: 'verdana' , sans-serif\">Proyecci\u00f3n\u00bb (si no os lo quer\u00e9is perder <span style=\"font-family: 'verdana' , sans-serif\">recoged vuestra invi<span style=\"font-family: 'verdana' , sans-serif\">taci\u00f3n en uno de los comercios colaborado<span style=\"font-family: 'verdana' , sans-serif\">res<span style=\"font-family: 'verdana' , sans-serif\">) a las 20:30h en el Museo Artium<\/span><\/span><\/span><\/span>.<\/span><\/span><\/span><\/span><\/span><\/span><\/span><\/span><br \/>\n<span style=\"font-size: large\"><span style=\"font-family: 'verdana' , sans-serif\"><span style=\"font-family: 'verdana' , sans-serif\"><span style=\"font-family: 'verdana' , sans-serif\"><span style=\"font-family: 'verdana' , sans-serif\"><span style=\"font-family: 'verdana' , sans-serif\"><span style=\"font-family: 'verdana' , sans-serif\"><span style=\"font-family: 'verdana' , sans-serif\">Este a\u00f1o <span style=\"font-family: 'verdana' , sans-serif\">he formado par<span style=\"font-family: 'verdana' , sans-serif\">te del jurado <span style=\"font-family: 'verdana' , sans-serif\">y ha sido una experiencia diferente. Nos cost\u00f3 decidir, pero no os voy a decir nada m\u00e1s porque a\u00fan es secreto&#8230; S<span style=\"font-family: 'verdana' , sans-serif\">sssshhhhhh&#8230; No se me vaya a escapar nada. Lo que quiero a\u00f1adir es que perd\u00f3n por las fotos<span style=\"font-family: 'verdana' , sans-serif\">. No son nada buenas y es que mi posici\u00f3n no era la del resto de d\u00edas y las modelos no se paraban. Lo si<span style=\"font-family: 'verdana' , sans-serif\">ento un mont\u00f3n. Tuve que sentarme en otro <span style=\"font-family: 'verdana' , sans-serif\">lugar y abandonar a mis compis blogu<span style=\"font-family: 'verdana' , sans-serif\">eras, pero bueno, aprovech\u00e9 a sacarles una fotillo para que les conozca\u00eds, ji ji ji&#8230;<\/span><\/span><\/span><\/span><\/span><\/span><\/span><\/span><\/span><\/span><\/span><\/span><\/span><\/span><\/span><\/span><\/p>\n<div class=\"separator\" style=\"clear: both;text-align: center\"><a style=\"margin-left: 1em;margin-right: 1em\" href=\"https:\/\/i0.wp.com\/1.bp.blogspot.com\/-IWbux_evsV0\/Vw_HeeHjdDI\/AAAAAAAAiYY\/Y1KVssOjgVAUKlzlMo63DqWnXDXrDs8xQCKgB\/s1600\/Blogueras.JPG?ssl=1\"><img data-recalc-dims=\"1\" decoding=\"async\" src=\"https:\/\/i0.wp.com\/1.bp.blogspot.com\/-IWbux_evsV0\/Vw_HeeHjdDI\/AAAAAAAAiYY\/Y1KVssOjgVAUKlzlMo63DqWnXDXrDs8xQCKgB\/s1600\/Blogueras.JPG?w=640&#038;ssl=1\" border=\"0\" \/><\/a><\/div>\n<p><span style=\"font-size: large\"><span style=\"font-family: 'verdana' , sans-serif\"><span style=\"font-family: 'verdana' , sans-serif\"><span style=\"font-family: 'verdana' , sans-serif\"><span style=\"font-family: 'verdana' , sans-serif\"><span style=\"font-family: 'verdana' , sans-serif\"><span style=\"font-family: 'verdana' , sans-serif\"><span style=\"font-family: 'verdana' , sans-serif\"><span style=\"font-family: 'verdana' , sans-serif\"><span style=\"font-family: 'verdana' , sans-serif\"><span style=\"font-family: 'verdana' , sans-serif\"><span style=\"font-family: 'verdana' , sans-serif\"><span style=\"font-family: 'verdana' , sans-serif\"><span style=\"font-family: 'verdana' , sans-serif\"><span style=\"font-family: 'verdana' , sans-serif\">Aclarado este punto, <span style=\"font-family: 'verdana' , sans-serif\">comencemos con el desfile:<\/span><\/span><\/span><\/span><\/span><\/span><\/span><\/span><\/span><\/span><\/span><\/span><\/span><\/span><\/span><\/span><\/p>\n<p><b><span style=\"font-size: large\"><span style=\"font-family: 'verdana' , sans-serif\">RUB\u00c9N REYES\u00a0<\/span><\/span><\/b><br \/>\n<span style=\"font-size: large\"><span style=\"font-family: 'verdana' , sans-serif\"><span style=\"font-family: 'verdana' , sans-serif\">R<\/span>ub\u00e9n Reyes nace en Vitoria en 1989, estudia dise\u00f1o de moda en IADE (Universidad de Alcal\u00e1) en Madrid.<\/span><\/span><br \/>\n<span style=\"font-size: large\"><span style=\"font-family: 'verdana' , sans-serif\">Lleva en el mundo de la moda desde los 17 a\u00f1os realizando en una agencia de modelos<span style=\"font-family: 'verdana' , sans-serif\">.<\/span>\u00a0<\/span><\/span><br \/>\n<span style=\"font-size: large\"><span style=\"font-family: 'verdana' , sans-serif\">Ha colaborado con: CONVERSE\u00ae, Mister \u00c1lava, etc&#8230; En estos momentos se centra en su carrera en solitario como director creativo de su propia firma aportando sus ideas m\u00e1s innovadoras.<\/span><\/span><br \/>\n<span style=\"font-size: large\"><span style=\"font-family: 'verdana' , sans-serif\">Ha trabajado en: Devota &amp; Lomba<span style=\"font-family: 'verdana' , sans-serif\">, <\/span>Lesmoking, Kotosh &amp; co., Loft &amp; Mint, Inditex&#8230; <span style=\"font-family: 'verdana' , sans-serif\">Realizando tareas de d<\/span>ise\u00f1o de colecciones, direcci\u00f3n creativa, proveedores, fabricaci\u00f3n, desfile, shooting, ventas, etc&#8230; Actualmente est\u00e1 considerado el dise\u00f1ador revelaci\u00f3n en la pasarela de moda de Pais Vasco 2014.\u00a0<\/span><\/span><br \/>\n<span style=\"font-size: large\"><span style=\"font-family: 'verdana' , sans-serif\"><a href=\"http:\/\/rubenreyes.es\/\"><span style=\"font-family: 'verdana' , sans-serif\">http:\/\/rubenreyes.es<\/span><\/a><\/span><\/span><br \/>\n<span style=\"font-size: large\"><span style=\"font-family: 'verdana' , sans-serif\"><span style=\"font-family: 'verdana' , sans-serif\">\u00a0<\/span><br \/>\n<\/span><\/span><\/p>\n<div class=\"separator\" style=\"clear: both;text-align: center\"><a style=\"margin-left: 1em;margin-right: 1em\" href=\"https:\/\/i0.wp.com\/3.bp.blogspot.com\/-a5X8OI78wZA\/Vw_HCgFQfnI\/AAAAAAAAiVw\/ykbXOaDOg7sE6qCWUKV3xpstN_RlfgJGQCKgB\/s1600\/01%2BRUBEN%2BREYES%2B01A.jpg?ssl=1\"><img data-recalc-dims=\"1\" decoding=\"async\" src=\"https:\/\/i0.wp.com\/3.bp.blogspot.com\/-a5X8OI78wZA\/Vw_HCgFQfnI\/AAAAAAAAiVw\/ykbXOaDOg7sE6qCWUKV3xpstN_RlfgJGQCKgB\/s1600\/01%2BRUBEN%2BREYES%2B01A.jpg?w=640&#038;ssl=1\" border=\"0\" \/><\/a><\/div>\n<p>&nbsp;<\/p>\n<div class=\"separator\" style=\"clear: both;text-align: center\"><a style=\"margin-left: 1em;margin-right: 1em\" href=\"https:\/\/i0.wp.com\/4.bp.blogspot.com\/-P6BOB6yRUXQ\/Vw_HDSZ_OzI\/AAAAAAAAiV0\/ZlEW22qO-8kn-o8UqgmnXhkxZnOIuS_AgCKgB\/s1600\/01%2BRUBEN%2BREYES%2B02%2BB.jpg?ssl=1\"><img data-recalc-dims=\"1\" decoding=\"async\" src=\"https:\/\/i0.wp.com\/4.bp.blogspot.com\/-P6BOB6yRUXQ\/Vw_HDSZ_OzI\/AAAAAAAAiV0\/ZlEW22qO-8kn-o8UqgmnXhkxZnOIuS_AgCKgB\/s1600\/01%2BRUBEN%2BREYES%2B02%2BB.jpg?w=640&#038;ssl=1\" border=\"0\" \/><\/a><\/div>\n<p>&nbsp;<\/p>\n<div class=\"separator\" style=\"clear: both;text-align: center\"><a style=\"margin-left: 1em;margin-right: 1em\" href=\"https:\/\/i0.wp.com\/3.bp.blogspot.com\/-w7QFliiwE_k\/Vw_HDvOp05I\/AAAAAAAAiV4\/DEbXZmEuj5oEnSBn3I9thbxuLRup7yn6QCKgB\/s1600\/01%2BRUBEN%2BREYES%2B08.JPG?ssl=1\"><img data-recalc-dims=\"1\" decoding=\"async\" src=\"https:\/\/i0.wp.com\/3.bp.blogspot.com\/-w7QFliiwE_k\/Vw_HDvOp05I\/AAAAAAAAiV4\/DEbXZmEuj5oEnSBn3I9thbxuLRup7yn6QCKgB\/s1600\/01%2BRUBEN%2BREYES%2B08.JPG?w=640&#038;ssl=1\" border=\"0\" \/><\/a><\/div>\n<p><span style=\"font-size: large\"><span style=\"font-family: 'verdana' , sans-serif\"><br \/>\n[youtube https:\/\/www.youtube.com\/watch?v=Tl9HKlC1F8s]<br \/>\n<\/span><\/span><\/p>\n<p>&nbsp;<\/p>\n<p><b><span style=\"font-size: large\"><span style=\"font-family: 'verdana' , sans-serif\">EDER AURRE<\/span><\/span><\/b><br \/>\n<span style=\"font-size: large\"><span style=\"font-family: 'verdana' , sans-serif\">Eder Aurre naci\u00f3 en la Villa de Bilbao en el a\u00f1o 1993. Sus inquietudes por el mundo de la moda surgen desde que era muy peque\u00f1o.<br \/>\nAlgo que hizo nacer su curiosidad sobre el mundo de la moda fue el inter\u00e9s por las revistas de moda de\u00a0su madre. Eder inici\u00f3 sus estudios en patronaje y dise\u00f1o complement\u00e1ndolo con un m\u00e1ster en moda. M\u00e1s adelante, sigui\u00f3 form\u00e1ndose en\u00a0Central Saint Martins de Londres.<\/span><\/span><span style=\"font-size: large\"><span style=\"font-family: 'verdana' , sans-serif\"><br \/>\n<\/span><\/span><span style=\"font-size: large\"><span style=\"font-family: 'verdana' , sans-serif\">Una vez finalizada la etapa acad\u00e9mica, Eder Aurre fue contratado durante dos a\u00f1os como co-director creativo de una firma vasca.\u00a0Con su\u00a0primera colecci\u00f3n obtuvo el premio \u201cCreamoda\u201d, certamen internacional que abri\u00f3 puertas a nuevos e interesantes proyectos. Durante este \u00faltimo a\u00f1o present\u00f3 su segunda colecci\u00f3n en el certamen nacional de<br \/>\nj\u00f3venes dise\u00f1adores consiguiendo ser vencedor en todas las categor\u00edas. A la hora de crear y dise\u00f1ar destaca su pasi\u00f3n por las l\u00edneas depuradas, el color y por las formas arquitect\u00f3nicas.<\/span><\/span><br \/>\n<span style=\"font-size: large\"><span style=\"font-family: 'verdana' , sans-serif\"><br \/>\n<\/span><\/span><span style=\"font-size: large\"><span style=\"font-family: 'verdana' , sans-serif\">Estos elementos forman parte de su estilo e identidad personal:\u00a0una firma que trabaja dise\u00f1os Pr\u00eat-\u00e0-porter y complementos.\u00a0Una firma que\u00a0colabora con distintas asociaciones solidarias acercando la moda a todo tipo de p\u00fablico.<\/span><\/span><br \/>\n<span style=\"font-size: large\"><span style=\"font-family: 'verdana' , sans-serif\"><a href=\"http:\/\/ederaurre.com\/\">http:\/\/ederaurre.com\/<\/a><\/span><\/span><br \/>\n<span style=\"font-size: large\"><span style=\"font-family: 'verdana' , sans-serif\">\u00a0 <\/span><\/span><\/p>\n<div class=\"separator\" style=\"clear: both;text-align: center\"><a style=\"margin-left: 1em;margin-right: 1em\" href=\"https:\/\/i0.wp.com\/1.bp.blogspot.com\/-5HiGO9BzFzY\/Vw_HEc5oupI\/AAAAAAAAiV8\/pRwQiCDUINsYXY2DOzHHFl58zVoubBujwCKgB\/s1600\/02%2BEDER%2BAURRE%2B01-horz.jpg?ssl=1\"><img data-recalc-dims=\"1\" decoding=\"async\" src=\"https:\/\/i0.wp.com\/1.bp.blogspot.com\/-5HiGO9BzFzY\/Vw_HEc5oupI\/AAAAAAAAiV8\/pRwQiCDUINsYXY2DOzHHFl58zVoubBujwCKgB\/s1600\/02%2BEDER%2BAURRE%2B01-horz.jpg?w=640&#038;ssl=1\" border=\"0\" \/><\/a><\/div>\n<p>&nbsp;<\/p>\n<div class=\"separator\" style=\"clear: both;text-align: center\"><a style=\"margin-left: 1em;margin-right: 1em\" href=\"https:\/\/i0.wp.com\/2.bp.blogspot.com\/-Uzrt9brtceQ\/Vw_HE4Om50I\/AAAAAAAAiWA\/mCLGW-kyihIF1eRgHxTgOyg4ePos-zxgQCKgB\/s1600\/02%2BEDER%2BAURRE%2B05-horz.jpg?ssl=1\"><img data-recalc-dims=\"1\" decoding=\"async\" src=\"https:\/\/i0.wp.com\/2.bp.blogspot.com\/-Uzrt9brtceQ\/Vw_HE4Om50I\/AAAAAAAAiWA\/mCLGW-kyihIF1eRgHxTgOyg4ePos-zxgQCKgB\/s1600\/02%2BEDER%2BAURRE%2B05-horz.jpg?w=640&#038;ssl=1\" border=\"0\" \/><\/a><\/div>\n<p>&nbsp;<\/p>\n<div class=\"separator\" style=\"clear: both;text-align: center\"><a style=\"margin-left: 1em;margin-right: 1em\" href=\"https:\/\/i0.wp.com\/4.bp.blogspot.com\/-KW5pgq5NZZw\/Vw_HFYguVCI\/AAAAAAAAiYQ\/zoLyRXNjKxM7bN__khFaWXCSFbeAony2gCKgB\/s1600\/02%2BEDER%2BAURRE%2B08.JPG?ssl=1\"><img data-recalc-dims=\"1\" decoding=\"async\" src=\"https:\/\/i0.wp.com\/4.bp.blogspot.com\/-KW5pgq5NZZw\/Vw_HFYguVCI\/AAAAAAAAiYQ\/zoLyRXNjKxM7bN__khFaWXCSFbeAony2gCKgB\/s1600\/02%2BEDER%2BAURRE%2B08.JPG?w=640&#038;ssl=1\" border=\"0\" \/><\/a><\/div>\n<p>&nbsp;<\/p>\n<div class=\"separator\" style=\"clear: both;text-align: center\"><a style=\"margin-left: 1em;margin-right: 1em\" href=\"https:\/\/i0.wp.com\/3.bp.blogspot.com\/-AVUCYWDULAw\/Vw_HFxV4txI\/AAAAAAAAiYQ\/x1WfA0ldNswS0C_NGZSashl0nHkU93cNACKgB\/s1600\/02%2BEDER%2BAURRE%2B09.JPG?ssl=1\"><img data-recalc-dims=\"1\" decoding=\"async\" src=\"https:\/\/i0.wp.com\/3.bp.blogspot.com\/-AVUCYWDULAw\/Vw_HFxV4txI\/AAAAAAAAiYQ\/x1WfA0ldNswS0C_NGZSashl0nHkU93cNACKgB\/s1600\/02%2BEDER%2BAURRE%2B09.JPG?w=640&#038;ssl=1\" border=\"0\" \/><\/a><\/div>\n<p><span style=\"font-size: large\"><span style=\"font-family: 'verdana' , sans-serif\"><br \/>\n[youtube https:\/\/www.youtube.com\/watch?v=9CjceHJfG1Q]<br \/>\n<\/span><\/span><\/p>\n<p>&nbsp;<\/p>\n<p><b><span style=\"font-size: large\"><span style=\"font-family: 'verdana' , sans-serif\">ZURI\u00d1E RAMOS<\/span><\/span><\/b><br \/>\n<span style=\"font-size: large\"><span style=\"font-family: 'verdana' , sans-serif\">Esta dise\u00f1adora naci\u00f3 en Vitoria en 1988 pero se traslad\u00f3 a los 18 a Barcelona para estudiar Dise\u00f1o de Moda en el Instituto Europeo di Design.<\/span><\/span><br \/>\n<span style=\"font-size: large\"><span style=\"font-family: 'verdana' , sans-serif\">Present\u00f3 los dise\u00f1os de su nueva colecci\u00f3n de primavera-verano, que ha titulado \u00abNew Mermaid\u00bb (nueva sirena).<\/span><\/span><\/p>\n<p><span style=\"font-size: large\"><span style=\"font-family: 'verdana' , sans-serif\">Se trata de una colecci\u00f3n inspirada en el mundo subacu\u00e1tico que mezcla texturas suaves, transparencias y colores apastelados que evocan el agua y los efectos \u00f3pticos que la luz crea en este medio. Elementos delicados se mezclan con colores vivos, estampados llamativos y una silueta de una mujer m\u00e1s bien atrevida y divertida, que se revela como la \u00abNueva Sirena\u00bb.<\/span><\/span><br \/>\n<span style=\"font-size: large\"><span style=\"font-family: 'verdana' , sans-serif\">Esta colecci\u00f3n la present\u00f3 tambi\u00e9n el pasado mes de marzo en el certamen Faco (Fukuoka Asia Collection), que se celebra cada a\u00f1o en Jap\u00f3n y en la que ella particip\u00f3 como artista invitada.<\/span><\/span><br \/>\n<span style=\"font-size: large\"><span style=\"font-family: 'verdana' , sans-serif\">Para el que no lo sepa, en 2009 recibi\u00f3 el premio Unimoda al dise\u00f1o, lo que le permiti\u00f3 vestir al conocido monumento \u00abEl caminante\u00bb de Vitoria.<\/span><\/span><\/p>\n<p><span style=\"font-size: large\"><span style=\"font-family: 'verdana' , sans-serif\"> A finales de 2012 se mud\u00f3 a Tokio para estudiar mejor la cultura de Jap\u00f3n, cuyos dise\u00f1adores admira y donde se incorpor\u00f3 a un taller de alta costura de Fukuoka, al sur del pa\u00eds.<\/span><\/span><\/p>\n<p><span style=\"font-size: large\"><span style=\"font-family: 'verdana' , sans-serif\"> Regres\u00f3 a Barcelona en 2013 para crear su propia marca de moda, Wild We, con la que ya ha desfilado en otra ocasiones en la Pasarela Gasteiz on.<\/span><\/span><\/p>\n<p><span style=\"font-size: large\"><span style=\"font-family: 'verdana' , sans-serif\"> En octubre de 2015 inaugur\u00f3 su primera tienda-taller en el barrio de Gracia de Barcelona.<\/span><\/span><br \/>\n<span style=\"font-size: large\"><span style=\"font-family: 'verdana' , sans-serif\">Ten\u00e9is su prendas disponibles es su web: <a href=\"http:\/\/wildweclothing.tictail.com\/\">http:\/\/wildweclothing.tictail.com\/<\/a> <\/span><\/span><\/p>\n<div class=\"separator\" style=\"clear: both;text-align: center\"><a style=\"margin-left: 1em;margin-right: 1em\" href=\"https:\/\/i0.wp.com\/1.bp.blogspot.com\/-v1iZyh8D5Qo\/Vw_HGt7zLXI\/AAAAAAAAiYQ\/8CQwMzqhEDA0StlbpqZYidCR4p261HcxwCKgB\/s1600\/03%2BZURI%25C3%2591E%2BRAMOS%2B01-horz.jpg?ssl=1\"><img data-recalc-dims=\"1\" decoding=\"async\" src=\"https:\/\/i0.wp.com\/1.bp.blogspot.com\/-v1iZyh8D5Qo\/Vw_HGt7zLXI\/AAAAAAAAiYQ\/8CQwMzqhEDA0StlbpqZYidCR4p261HcxwCKgB\/s1600\/03%2BZURI%25C3%2591E%2BRAMOS%2B01-horz.jpg?w=640&#038;ssl=1\" border=\"0\" \/><\/a><\/div>\n<p>&nbsp;<\/p>\n<div class=\"separator\" style=\"clear: both;text-align: center\"><a style=\"margin-left: 1em;margin-right: 1em\" href=\"https:\/\/i0.wp.com\/3.bp.blogspot.com\/-vhVPZKJIW5c\/Vw_HH8OHUgI\/AAAAAAAAiYQ\/mK3vBxDbw1ojY4gGbY9dr2xFcgZMdpbgQCKgB\/s1600\/03%2BZURI%25C3%2591E%2BRAMOS%2B04-horz.jpg?ssl=1\"><img data-recalc-dims=\"1\" decoding=\"async\" src=\"https:\/\/i0.wp.com\/3.bp.blogspot.com\/-vhVPZKJIW5c\/Vw_HH8OHUgI\/AAAAAAAAiYQ\/mK3vBxDbw1ojY4gGbY9dr2xFcgZMdpbgQCKgB\/s1600\/03%2BZURI%25C3%2591E%2BRAMOS%2B04-horz.jpg?w=640&#038;ssl=1\" border=\"0\" \/><\/a><\/div>\n<p><span style=\"font-size: large\"><span style=\"font-family: 'verdana' , sans-serif\"><span style=\"font-family: 'verdana' , sans-serif\">\u00a0<\/span><br \/>\n[youtube https:\/\/www.youtube.com\/watch?v=3O7q510-IB8]<br \/>\n<\/span><\/span><\/p>\n<p>&nbsp;<\/p>\n<p><b><span style=\"font-size: large\"><span style=\"font-family: 'verdana' , sans-serif\">MAYALA<\/span><\/span><\/b><\/p>\n<div class=\"vc_row wpb_row vc_row-fluid\">\n<div class=\"vc_col-sm-6 wpb_column vc_column_container\">\n<div class=\"wpb_wrapper\">\n<div class=\"wpb_text_column wpb_content_element \">\n<div class=\"wpb_wrapper\">\n<div style=\"text-align: left\"><span style=\"font-size: large\"><span style=\"font-family: 'verdana' , sans-serif\">Mar\u00eda y Esther son el alma de Mayala. Ambas apuestan por la calidad, el trabajo bien hecho, pero no s\u00f3lo en la perfecci\u00f3n t\u00e9cnica sino tambi\u00e9n en el mimo y el cari\u00f1o puestos en cada prenda.\u00a0<\/span><\/span><\/div>\n<div style=\"text-align: left\"><span style=\"font-size: large\"><span style=\"font-family: 'verdana' , sans-serif\">Elaboran estampados \u00fanicos de inspiraci\u00f3n propia, unidos a formas patrones sencillas que buscan la diferenciaci\u00f3n.<\/span><\/span><\/div>\n<div style=\"text-align: left\"><span style=\"font-size: large\"><span style=\"font-family: 'verdana' , sans-serif\">Se alejan de la producci\u00f3n masiva, colaborando con la peque\u00f1a y mediana empresa textil de nuestro pa\u00eds.<\/span><\/span><\/div>\n<div style=\"text-align: left\"><span style=\"font-size: large\"><span style=\"font-family: 'verdana' , sans-serif\">Su distintivo son los originales estampados <\/span><\/span><span style=\"font-size: large\"><span style=\"font-family: 'verdana' , sans-serif\">manuales y digitales <i>Made in Mayala<\/i>, estampados que no se <\/span><\/span><span style=\"font-size: large\"><span style=\"font-family: 'verdana' , sans-serif\">ver\u00e1n en ninguna otra.<\/span><\/span><\/div>\n<\/div>\n<\/div>\n<\/div>\n<\/div>\n<div class=\"vc_col-sm-6 wpb_column vc_column_container\" style=\"text-align: left\">\n<div class=\"wpb_wrapper\">\n<div class=\"wpb_text_column wpb_content_element \">\n<div class=\"wpb_wrapper\"><span style=\"font-weight: normal\"><span style=\"font-size: large\"><span style=\"font-family: 'verdana' , sans-serif\">Tambi\u00e9n realizan creaciones para una boda, para una ocasi\u00f3n especial o simplemente para el d\u00eda a d\u00eda.<\/span><\/span><\/span><\/p>\n<div style=\"text-align: left\"><span style=\"font-weight: normal\"><span style=\"font-size: large\"><span style=\"font-family: 'verdana' , sans-serif\">Realizan tu prenda a medida, incluso el estampado y ahora se han introducido en los vestidos de fiesta muy acertadamente.<\/span><\/span><\/span><\/div>\n<\/div>\n<\/div>\n<\/div>\n<\/div>\n<\/div>\n<p><span style=\"font-size: large\"><span style=\"font-family: 'verdana' , sans-serif\"><a href=\"http:\/\/mayala.es\/\" target=\"_blank\">http:\/\/mayala.es\/\u00a0<\/a><\/span><\/span><\/p>\n<p><span style=\"font-size: large\"><span style=\"font-family: 'verdana' , sans-serif\">La presentaci\u00f3n de su desfile <span style=\"font-family: 'verdana' , sans-serif\">fue todo un espect<span style=\"font-family: 'verdana' , sans-serif\">\u00e1culo. No os perd\u00e1is el v\u00eddeo.<\/span><\/span> <\/span><\/span><\/p>\n<div class=\"separator\" style=\"clear: both;text-align: center\"><a style=\"margin-left: 1em;margin-right: 1em\" href=\"https:\/\/i0.wp.com\/4.bp.blogspot.com\/-zy58AA0tVw8\/Vw_HHeUFnuI\/AAAAAAAAiYQ\/XBTPCLkqZwcfaBCxacMHs1Lwj4scOgJtACKgB\/s1600\/04%2BMAYALA%2B01-horz.jpg?ssl=1\"><img data-recalc-dims=\"1\" decoding=\"async\" src=\"https:\/\/i0.wp.com\/4.bp.blogspot.com\/-zy58AA0tVw8\/Vw_HHeUFnuI\/AAAAAAAAiYQ\/XBTPCLkqZwcfaBCxacMHs1Lwj4scOgJtACKgB\/s1600\/04%2BMAYALA%2B01-horz.jpg?w=640&#038;ssl=1\" border=\"0\" \/><\/a><\/div>\n<p>&nbsp;<\/p>\n<div class=\"separator\" style=\"clear: both;text-align: center\"><a style=\"margin-left: 1em;margin-right: 1em\" href=\"https:\/\/i0.wp.com\/4.bp.blogspot.com\/-s5jekVzR6E4\/Vw_HIm68S4I\/AAAAAAAAiYQ\/wmacG2uyrG4XfByY4ltGETFgBx6fmUc1ACKgB\/s1600\/04%2BMAYALA%2B05-horz.jpg?ssl=1\"><img data-recalc-dims=\"1\" decoding=\"async\" src=\"https:\/\/i0.wp.com\/4.bp.blogspot.com\/-s5jekVzR6E4\/Vw_HIm68S4I\/AAAAAAAAiYQ\/wmacG2uyrG4XfByY4ltGETFgBx6fmUc1ACKgB\/s1600\/04%2BMAYALA%2B05-horz.jpg?w=640&#038;ssl=1\" border=\"0\" \/><\/a><\/div>\n<p>&nbsp;<\/p>\n<div class=\"separator\" style=\"clear: both;text-align: center\"><a style=\"margin-left: 1em;margin-right: 1em\" href=\"https:\/\/i0.wp.com\/3.bp.blogspot.com\/-0iij_EwY4qM\/Vw_HJsWOJGI\/AAAAAAAAiYQ\/s9Kn0O4B7goIMoWsRLIUMqB-sooypgHqQCKgB\/s1600\/04%2BMAYALA%2B08.JPG?ssl=1\"><img data-recalc-dims=\"1\" decoding=\"async\" src=\"https:\/\/i0.wp.com\/3.bp.blogspot.com\/-0iij_EwY4qM\/Vw_HJsWOJGI\/AAAAAAAAiYQ\/s9Kn0O4B7goIMoWsRLIUMqB-sooypgHqQCKgB\/s1600\/04%2BMAYALA%2B08.JPG?w=640&#038;ssl=1\" border=\"0\" \/><\/a><\/div>\n<p>&nbsp;<\/p>\n<div class=\"separator\" style=\"clear: both;text-align: center\"><a style=\"margin-left: 1em;margin-right: 1em\" href=\"https:\/\/i0.wp.com\/2.bp.blogspot.com\/-JzGHM4L0-og\/Vw_HKDTh40I\/AAAAAAAAiYQ\/Ks0M0LAVNIgGXu472Zl0SD_71vVYdXcVgCKgB\/s1600\/04%2BMAYALA%2B09.JPG?ssl=1\"><img data-recalc-dims=\"1\" decoding=\"async\" src=\"https:\/\/i0.wp.com\/2.bp.blogspot.com\/-JzGHM4L0-og\/Vw_HKDTh40I\/AAAAAAAAiYQ\/Ks0M0LAVNIgGXu472Zl0SD_71vVYdXcVgCKgB\/s1600\/04%2BMAYALA%2B09.JPG?w=640&#038;ssl=1\" border=\"0\" \/><\/a><\/div>\n<p><span style=\"font-size: large\"><span style=\"font-family: 'verdana' , sans-serif\"><br \/>\n[youtube https:\/\/www.youtube.com\/watch?v=gz92U_alyNQ]\u00a0<\/span><\/span><\/p>\n<p><b><span style=\"font-size: large\"><span style=\"font-family: 'verdana' , sans-serif\">\u00a1\u00c1NIMO, VALIENTE!<\/span><\/span><\/b><br \/>\n<span style=\"font-size: large\"><span style=\"font-family: 'verdana' , sans-serif\">Todo est\u00e1 hecho por <a href=\"http:\/\/www.succubus.es\/\">Succubus<\/a>, pieza a pieza y a mano. Esto quiere decir que no puede haber producci\u00f3n como tal y que las prendas no pueden ser enviadas a talleres de costura<br \/>\ncomo suele hacerse habitualmente. Todas las prendas son \u00fanicas y exclusivas, y est\u00e1n hechas con mucho mimo, as\u00ed que lleva mucho tiempo desarrollarlas y terminarlas. (\u00bfHas tratado alguna vez de descoser un pantal\u00f3n vaquero entero? Es realmente una locura hasta que consigues quitar todo el hilo, pru\u00e9balo.)<br \/>\nPor el tejido vaquero y la manera en la que est\u00e1n confeccionadas, todas las prendas de <a href=\"http:\/\/www.animovaliente.com\/\"><b>\u00a1\u00c1<span>nimo, valiente!<\/span><\/b><\/a> est\u00e1n hechas para durar.<\/span><\/span><br \/>\n<span style=\"font-size: large\"><span style=\"font-family: 'verdana' , sans-serif\"><span>\u00a1\u00c1nimo, valiente! es esa prenda vaquera olvidada en el fondo de un armario que despiezada y redise\u00f1ada desaf\u00eda los l\u00edmites del tiempo.<\/span><\/span><\/span><br \/>\n<span style=\"font-size: large\"><span style=\"font-family: 'verdana' , sans-serif\"><span>Es esa prenda vaquera con su capacidad expresiva ampliada mediante el arte de la transformaci\u00f3n y el reciclaje sofisticado.<\/span><\/span><\/span><br \/>\n<span style=\"font-size: large\"><span style=\"font-family: 'verdana' , sans-serif\"><span>Es esa prenda vaquera de la que odias despegarte y que nosotros transformamos y renovamos.<span style=\"font-family: 'verdana' , sans-serif\">\u00a0<\/span><\/span><\/span><\/span><br \/>\n<span style=\"font-size: large\"><span style=\"font-family: 'verdana' , sans-serif\"><span>Es esa prenda vaquera que conserva la esencia del tejido sobre un dise\u00f1o nuevo.<\/span><\/span><\/span><br \/>\n<span style=\"font-size: large\"><span style=\"font-family: 'verdana' , sans-serif\"><span>Es la creencia en las m\u00faltiples vidas de un vaquero que no ha tenido suficiente con una sola.<\/span><\/span><\/span><br \/>\n<span style=\"font-size: large\"><span style=\"font-family: 'verdana' , sans-serif\"><span>Es \u00fanico, original y personal.<\/span><\/span><\/span><br \/>\n<span style=\"font-size: large\"><span style=\"font-family: 'verdana' , sans-serif\"><span>Es el feliz encuentro de lo vaquero con el dise\u00f1o.<\/span><\/span><\/span><br \/>\n<span style=\"font-size: large\"><span style=\"font-family: 'verdana' , sans-serif\"><span>\u00bfViejo? \u00a1Potencialmente transformable!<\/span><\/span><\/span><br \/>\n<span style=\"font-size: large\"><span style=\"font-family: 'verdana' , sans-serif\"><span>\u00a1\u00c1nimo, valiente!<\/span><\/span><\/span><\/p>\n<p><span style=\"font-size: large\"><span style=\"font-family: 'verdana' , sans-serif\"><span>Con ella colaboran <span style=\"font-family: 'verdana' , sans-serif\">(casu<span style=\"font-family: 'verdana' , sans-serif\">alidades de la vida) dos amigas m\u00edas que conoc\u00ed <span style=\"font-family: 'verdana' , sans-serif\">gracias a Instagram: <a href=\"https:\/\/www.instagram.com\/cueromarcadarso\/\" target=\"_blank\">Mar Cadarso<\/a> (<span style=\"font-family: 'verdana' , sans-serif\">taller de cu<span style=\"font-family: 'verdana' , sans-serif\">ero, hace bolsos fant\u00e1sticos&#8230; yo tengo la suerte de tener uno)<\/span><\/span> y <a href=\"https:\/\/www.instagram.com\/34costuras\/\" target=\"_blank\">34 Costuras<\/a> (<\/span><\/span><\/span><\/span><\/span><\/span><span style=\"font-size: large\"><span style=\"font-family: 'verdana' , sans-serif\"><span><span style=\"font-family: 'verdana' , sans-serif\"><span style=\"font-family: 'verdana' , sans-serif\"><span style=\"font-family: 'verdana' , sans-serif\">Atelier de tocados <span style=\"font-family: 'verdana' , sans-serif\">fabulosos)<\/span>. Os invito<span style=\"font-family: 'verdana' , sans-serif\"> a conocerlas!!!<\/span><\/span><\/span><\/span> <\/span><\/span><\/span><br \/>\n<span style=\"font-size: large\"><span style=\"font-family: 'verdana' , sans-serif\"><span>\u00a0<\/span> <\/span><\/span><br \/>\n<span style=\"font-size: large\"><span style=\"font-family: 'verdana' , sans-serif\"><a href=\"http:\/\/animovaliente.com\/\">http:\/\/animovaliente.com\/<\/a> <\/span><\/span><\/p>\n<div class=\"separator\" style=\"clear: both;text-align: center\"><a style=\"margin-left: 1em;margin-right: 1em\" href=\"https:\/\/i0.wp.com\/4.bp.blogspot.com\/-gVI6YZ69SgU\/Vw_HMVHATKI\/AAAAAAAAiYQ\/g2tyJ3vhpCIZ2RY7hKURF1ocooJuhxLUQCKgB\/s1600\/05%2BANIMO%2BVALIENTE%2B01-horz.jpg?ssl=1\"><img data-recalc-dims=\"1\" decoding=\"async\" src=\"https:\/\/i0.wp.com\/4.bp.blogspot.com\/-gVI6YZ69SgU\/Vw_HMVHATKI\/AAAAAAAAiYQ\/g2tyJ3vhpCIZ2RY7hKURF1ocooJuhxLUQCKgB\/s1600\/05%2BANIMO%2BVALIENTE%2B01-horz.jpg?w=640&#038;ssl=1\" border=\"0\" \/><\/a><\/div>\n<p>&nbsp;<\/p>\n<div class=\"separator\" style=\"clear: both;text-align: center\"><a style=\"margin-left: 1em;margin-right: 1em\" href=\"https:\/\/i0.wp.com\/2.bp.blogspot.com\/-eyLZU8jCN6Q\/Vw_HLedmw7I\/AAAAAAAAiWk\/B1CE4KbuEqwn6Khkuil8pSX7LtVIhquaACKgB\/s1600\/05%2BANIMO%2BVALIENTE%2B04-horz.jpg?ssl=1\"><img data-recalc-dims=\"1\" decoding=\"async\" src=\"https:\/\/i0.wp.com\/2.bp.blogspot.com\/-eyLZU8jCN6Q\/Vw_HLedmw7I\/AAAAAAAAiWk\/B1CE4KbuEqwn6Khkuil8pSX7LtVIhquaACKgB\/s1600\/05%2BANIMO%2BVALIENTE%2B04-horz.jpg?w=640&#038;ssl=1\" border=\"0\" \/><\/a><\/div>\n<p>&nbsp;<\/p>\n<div class=\"separator\" style=\"clear: both;text-align: center\"><a style=\"margin-left: 1em;margin-right: 1em\" href=\"https:\/\/i0.wp.com\/4.bp.blogspot.com\/-Us9zlsem_F8\/Vw_HMDmYZwI\/AAAAAAAAiYQ\/rp5K-_LPUHoc7rdcZ5t2-Mimk1zKbHSvACKgB\/s1600\/05%2BANIMO%2BVALIENTE%2B08-horz.jpg?ssl=1\"><img data-recalc-dims=\"1\" decoding=\"async\" src=\"https:\/\/i0.wp.com\/4.bp.blogspot.com\/-Us9zlsem_F8\/Vw_HMDmYZwI\/AAAAAAAAiYQ\/rp5K-_LPUHoc7rdcZ5t2-Mimk1zKbHSvACKgB\/s1600\/05%2BANIMO%2BVALIENTE%2B08-horz.jpg?w=640&#038;ssl=1\" border=\"0\" \/><\/a><\/div>\n<p>&nbsp;<\/p>\n<div class=\"separator\" style=\"clear: both;text-align: center\"><a style=\"margin-left: 1em;margin-right: 1em\" href=\"https:\/\/i0.wp.com\/3.bp.blogspot.com\/-Fa79cIsEFrc\/Vw_HMrdNMhI\/AAAAAAAAiYQ\/AmttQbIRW0cYHyeqAakv0ZVdh64DTrSUQCKgB\/s1600\/05%2BANIMO%2BVALIENTE%2B12.JPG?ssl=1\"><img data-recalc-dims=\"1\" decoding=\"async\" src=\"https:\/\/i0.wp.com\/3.bp.blogspot.com\/-Fa79cIsEFrc\/Vw_HMrdNMhI\/AAAAAAAAiYQ\/AmttQbIRW0cYHyeqAakv0ZVdh64DTrSUQCKgB\/s1600\/05%2BANIMO%2BVALIENTE%2B12.JPG?w=640&#038;ssl=1\" border=\"0\" \/><\/a><\/div>\n<p><span style=\"font-size: large\"><span style=\"font-family: 'verdana' , sans-serif\"><br \/>\n[youtube https:\/\/www.youtube.com\/watch?v=5jl_cl7h0BQ]\u00a0<\/span><\/span><\/p>\n<p>&nbsp;<\/p>\n<p><b><span style=\"font-size: large\"><span style=\"font-family: 'verdana' , sans-serif\">B<span style=\"font-family: 'verdana' , sans-serif\">\u00cf<\/span>NI<span style=\"font-family: 'verdana' , sans-serif\">K<\/span><\/span><\/span><\/b><\/p>\n<div class=\"comm-info-txt w60\"><span style=\"font-size: large\"><span style=\"font-size: large\"><span style=\"font-family: 'verdana' , sans-serif\">Es una marca de ropa Bilba\u00edna que entre sus productos cuenta con camisetas, sudaderas y ba\u00f1adores con estampados originales. Los tejidos y acabados son de gran calidad. En <b>Binik <\/b>disponen de pocos n\u00fameros de producci\u00f3n por estilo, lo que le da casi exclusividad al comprador.<\/span><\/span><\/span><br \/>\n<span style=\"font-size: large\"><span style=\"font-family: 'verdana' , sans-serif\"><a href=\"http:\/\/www.thebiniktees.com\/\">www.thebiniktees.com<\/a> (est\u00e1 en construcci\u00f3n su web <a href=\"http:\/\/www.binik.es\/\" target=\"_blank\" rel=\"nofollow\">http:\/\/www.binik.es<\/a>)<\/span><\/span><\/div>\n<p>&nbsp;<\/p>\n<div class=\"separator\" style=\"clear: both;text-align: center\"><a style=\"margin-left: 1em;margin-right: 1em\" href=\"https:\/\/i0.wp.com\/2.bp.blogspot.com\/-c0JFf_tDEM4\/Vw_HOeoXA7I\/AAAAAAAAiYQ\/WE3tqKblMTEiqUaoqzWJYy3ZpO2jN_oYgCKgB\/s1600\/06%2BB%25C3%258FNIK%2B03-horz.jpg?ssl=1\"><img data-recalc-dims=\"1\" decoding=\"async\" src=\"https:\/\/i0.wp.com\/2.bp.blogspot.com\/-c0JFf_tDEM4\/Vw_HOeoXA7I\/AAAAAAAAiYQ\/WE3tqKblMTEiqUaoqzWJYy3ZpO2jN_oYgCKgB\/s1600\/06%2BB%25C3%258FNIK%2B03-horz.jpg?w=640&#038;ssl=1\" border=\"0\" \/><\/a><\/div>\n<p>&nbsp;<\/p>\n<div class=\"separator\" style=\"clear: both;text-align: center\"><a style=\"margin-left: 1em;margin-right: 1em\" href=\"https:\/\/i0.wp.com\/1.bp.blogspot.com\/-h9DEddfD3Mk\/Vw_HNTBAfII\/AAAAAAAAiYQ\/c6eIT4HFnhUBzZltseLEGHYEtv38fKAMwCKgB\/s1600\/06%2BB%25C3%258FNIK%2B01-horz.jpg?ssl=1\"><img data-recalc-dims=\"1\" decoding=\"async\" src=\"https:\/\/i0.wp.com\/1.bp.blogspot.com\/-h9DEddfD3Mk\/Vw_HNTBAfII\/AAAAAAAAiYQ\/c6eIT4HFnhUBzZltseLEGHYEtv38fKAMwCKgB\/s1600\/06%2BB%25C3%258FNIK%2B01-horz.jpg?w=640&#038;ssl=1\" border=\"0\" \/><\/a><\/div>\n<p>&nbsp;<\/p>\n<div class=\"separator\" style=\"clear: both;text-align: center\"><a style=\"margin-left: 1em;margin-right: 1em\" href=\"https:\/\/i0.wp.com\/3.bp.blogspot.com\/-1THIGb7MdKE\/Vw_HPmkJfoI\/AAAAAAAAiYY\/yhiG6VEUDOU0H8HiUwmuc-0JnNuzypguQCKgB\/s1600\/06%2BB%25C3%258FNIK%2B08-horz.jpg?ssl=1\"><img data-recalc-dims=\"1\" decoding=\"async\" src=\"https:\/\/i0.wp.com\/3.bp.blogspot.com\/-1THIGb7MdKE\/Vw_HPmkJfoI\/AAAAAAAAiYY\/yhiG6VEUDOU0H8HiUwmuc-0JnNuzypguQCKgB\/s1600\/06%2BB%25C3%258FNIK%2B08-horz.jpg?w=640&#038;ssl=1\" border=\"0\" \/><\/a><\/div>\n<p>&nbsp;<\/p>\n<div class=\"separator\" style=\"clear: both;text-align: center\"><a style=\"margin-left: 1em;margin-right: 1em\" href=\"https:\/\/i0.wp.com\/3.bp.blogspot.com\/-oleGE7sA1xk\/Vw_HPLId2LI\/AAAAAAAAiYQ\/FBq57ET_UxQ2CEJ0GNA_8ZbjBx9n4tlawCKgB\/s1600\/06%2BB%25C3%258FNIK%2B11.JPG?ssl=1\"><img data-recalc-dims=\"1\" decoding=\"async\" src=\"https:\/\/i0.wp.com\/3.bp.blogspot.com\/-oleGE7sA1xk\/Vw_HPLId2LI\/AAAAAAAAiYQ\/FBq57ET_UxQ2CEJ0GNA_8ZbjBx9n4tlawCKgB\/s1600\/06%2BB%25C3%258FNIK%2B11.JPG?w=640&#038;ssl=1\" border=\"0\" \/><\/a><\/div>\n<p>&nbsp;<\/p>\n<div class=\"separator\" style=\"clear: both;text-align: center\"><a style=\"margin-left: 1em;margin-right: 1em\" href=\"https:\/\/i0.wp.com\/1.bp.blogspot.com\/-dl_sgZPMn10\/Vw_HQQidYDI\/AAAAAAAAiYQ\/FldNCfjJnPcXEwxqNoU7Co4Jdt6u1OlYwCKgB\/s1600\/06%2BB%25C3%258FNIK%2B12.JPG?ssl=1\"><img data-recalc-dims=\"1\" decoding=\"async\" src=\"https:\/\/i0.wp.com\/1.bp.blogspot.com\/-dl_sgZPMn10\/Vw_HQQidYDI\/AAAAAAAAiYQ\/FldNCfjJnPcXEwxqNoU7Co4Jdt6u1OlYwCKgB\/s1600\/06%2BB%25C3%258FNIK%2B12.JPG?w=640&#038;ssl=1\" border=\"0\" \/><\/a><\/div>\n<p><span style=\"font-size: large\"><span style=\"font-family: 'verdana' , sans-serif\"><span style=\"font-family: 'verdana' , sans-serif\">\u00a0<\/span><br \/>\n[youtube https:\/\/www.youtube.com\/watch?v=4vTX7e9ByM0]<\/span><\/span><\/p>\n<p><span style=\"font-size: large\"><span style=\"font-family: 'verdana' , sans-serif\">\u00a0<\/span><\/span><\/p>\n<p><b><span style=\"font-size: large\"><span style=\"font-family: 'verdana' , sans-serif\">UNIVERSOS PARALELOS (CESINE)<\/span><\/span><\/b><\/p>\n<p><span style=\"font-size: large\"><span style=\"font-family: 'verdana' , sans-serif\">Universos Paralelos es el titulo de la primera colecci\u00f3n para la <\/span><\/span><span style=\"font-size: large\"><span style=\"font-family: 'verdana' , sans-serif\">asignatura Proyectos de Moda en la Universidad Cesine, en la que queda <\/span><\/span><span style=\"font-size: large\"><span style=\"font-family: 'verdana' , sans-serif\">patente el trabajo de las 14 alumnas que la componen.<\/span><\/span><\/p>\n<p><span style=\"font-size: large\"><span style=\"font-family: 'verdana' , sans-serif\">El titulo deriva de una hip\u00f3tesis cient\u00edfica sobre la existencia de otros mundos o realidades que coexisten de manera paralela.<\/span><\/span><\/p>\n<div><span style=\"font-size: large\"><span style=\"font-family: 'verdana' , sans-serif\">Partiendo de esta tem\u00e1tica y trabajando por competencias, las alumnas han ido tejiendo una labor dividida en tres colecciones, MARBLE, ALTER EGO Y ABSTRAKTION, cada una con sus conceptos a cerca de los UNIVERSOS PARALELOS.<\/span><\/span><\/div>\n<div><span style=\"font-size: large\"><span style=\"font-family: 'verdana' , sans-serif\">El titulo hace referencia a una hip\u00f3tesis cient\u00edfica pero tambi\u00e9n a una realidad y es que dentro de un mismo universo, realmente s\u00ed que coexisten los mundos de cada uno de los implicados en este proyecto, con sus vivencias y realidades particulares.<\/span><\/span><\/div>\n<p><a href=\"https:\/\/proyectosdemoda.wordpress.com\/\"><span style=\"font-size: large\"><span style=\"font-family: 'verdana' , sans-serif\">https:\/\/proyectosdemoda.wordpress.com\/<\/span><\/span><\/a><\/p>\n<div class=\"separator\" style=\"clear: both;text-align: center\"><a style=\"margin-left: 1em;margin-right: 1em\" href=\"https:\/\/i0.wp.com\/4.bp.blogspot.com\/-z1DLqFx2Ckk\/Vw_HRbQpMuI\/AAAAAAAAiYQ\/Gjpl4iqL57cRmK4S4UTjkc-v5S4meiwJgCKgB\/s1600\/07%2BUNIVERSOS%2BPARALELOS%2B01-horz.jpg?ssl=1\"><img data-recalc-dims=\"1\" decoding=\"async\" src=\"https:\/\/i0.wp.com\/4.bp.blogspot.com\/-z1DLqFx2Ckk\/Vw_HRbQpMuI\/AAAAAAAAiYQ\/Gjpl4iqL57cRmK4S4UTjkc-v5S4meiwJgCKgB\/s1600\/07%2BUNIVERSOS%2BPARALELOS%2B01-horz.jpg?w=640&#038;ssl=1\" border=\"0\" \/><\/a><\/div>\n<p>&nbsp;<\/p>\n<div class=\"separator\" style=\"clear: both;text-align: center\"><a style=\"margin-left: 1em;margin-right: 1em\" href=\"https:\/\/i0.wp.com\/1.bp.blogspot.com\/-y4JT7MRnLYE\/Vw_HTF3BM2I\/AAAAAAAAiYQ\/zetPRlkUp-cx1BSFWrqhiRds3KezMLPpQCKgB\/s1600\/07%2BUNIVERSOS%2BPARALELOS%2B05-horz.jpg?ssl=1\"><img data-recalc-dims=\"1\" decoding=\"async\" src=\"https:\/\/i0.wp.com\/1.bp.blogspot.com\/-y4JT7MRnLYE\/Vw_HTF3BM2I\/AAAAAAAAiYQ\/zetPRlkUp-cx1BSFWrqhiRds3KezMLPpQCKgB\/s1600\/07%2BUNIVERSOS%2BPARALELOS%2B05-horz.jpg?w=640&#038;ssl=1\" border=\"0\" \/><\/a><\/div>\n<p>&nbsp;<\/p>\n<div class=\"separator\" style=\"clear: both;text-align: center\"><a style=\"margin-left: 1em;margin-right: 1em\" href=\"https:\/\/i0.wp.com\/2.bp.blogspot.com\/-TarBx1TFncA\/Vw_HTL-b_9I\/AAAAAAAAiYQ\/lH1YUf6YWY4ZpznKWlYlh3TFvC98vt0rgCKgB\/s1600\/07%2BUNIVERSOS%2BPARALELOS%2B09-horz.jpg?ssl=1\"><img data-recalc-dims=\"1\" decoding=\"async\" src=\"https:\/\/i0.wp.com\/2.bp.blogspot.com\/-TarBx1TFncA\/Vw_HTL-b_9I\/AAAAAAAAiYQ\/lH1YUf6YWY4ZpznKWlYlh3TFvC98vt0rgCKgB\/s1600\/07%2BUNIVERSOS%2BPARALELOS%2B09-horz.jpg?w=640&#038;ssl=1\" border=\"0\" \/><\/a><\/div>\n<p>&nbsp;<\/p>\n<div class=\"separator\" style=\"clear: both;text-align: center\"><a style=\"margin-left: 1em;margin-right: 1em\" href=\"https:\/\/i0.wp.com\/4.bp.blogspot.com\/-fBccAaIu4Ro\/Vw_HUOc-nvI\/AAAAAAAAiYQ\/CeauklTY_RIWtRBUe7HujJBapv-llnc4ACKgB\/s1600\/07%2BUNIVERSOS%2BPARALELOS%2B12.JPG?ssl=1\"><img data-recalc-dims=\"1\" decoding=\"async\" src=\"https:\/\/i0.wp.com\/4.bp.blogspot.com\/-fBccAaIu4Ro\/Vw_HUOc-nvI\/AAAAAAAAiYQ\/CeauklTY_RIWtRBUe7HujJBapv-llnc4ACKgB\/s1600\/07%2BUNIVERSOS%2BPARALELOS%2B12.JPG?w=640&#038;ssl=1\" border=\"0\" \/><\/a><\/div>\n<p>&nbsp;<\/p>\n<div class=\"separator\" style=\"clear: both;text-align: center\"><a style=\"margin-left: 1em;margin-right: 1em\" href=\"https:\/\/i0.wp.com\/2.bp.blogspot.com\/-ejW8qhXphNk\/Vw_HU3PswRI\/AAAAAAAAiYQ\/xXNank4rAagiELMlcD1a-U2Iu5v-ce0ugCKgB\/s1600\/07%2BUNIVERSOS%2BPARALELOS%2B13.JPG?ssl=1\"><img data-recalc-dims=\"1\" decoding=\"async\" src=\"https:\/\/i0.wp.com\/2.bp.blogspot.com\/-ejW8qhXphNk\/Vw_HU3PswRI\/AAAAAAAAiYQ\/xXNank4rAagiELMlcD1a-U2Iu5v-ce0ugCKgB\/s1600\/07%2BUNIVERSOS%2BPARALELOS%2B13.JPG?w=640&#038;ssl=1\" border=\"0\" \/><\/a><\/div>\n<p>&nbsp;<\/p>\n<p><b><span style=\"font-size: large\"><span style=\"font-family: 'verdana' , sans-serif\">MANUELA VA DE FIES<span style=\"font-family: 'verdana' , sans-serif\">TA<\/span><\/span><\/span><\/b><br \/>\n<span style=\"font-size: large\"><span style=\"font-family: 'verdana' , sans-serif\"><i>Manuela va de fiesta<\/i> es una marca de moda especializada en vestidos de novia, fiesta\u00a0y ocasi\u00f3n especial con esp\u00edritu optimista y coraz\u00f3n elegante.<\/span><\/span><\/p>\n<p><span style=\"font-size: large\"><span style=\"font-family: 'verdana' , sans-serif\">Busca inspiraci\u00f3n en d\u00e9cadas <\/span><\/span><span style=\"font-size: large\"><span style=\"font-family: 'verdana' , sans-serif\">pasadas y trabajar como lo hac\u00edan en los grandes ateliers de Par\u00eds.<\/span><\/span><\/p>\n<p><span style=\"font-size: large\"><span style=\"font-family: 'verdana' , sans-serif\">Tiene alma nost\u00e1lgica. Sus prendas se realizan con tejidos de calidad, se trabajan de manera artesanal y se cosen en un taller en el coraz\u00f3n de San Sebastian. Es 100% made in Spain.<\/span><\/span><\/p>\n<p><span style=\"font-size: large\"><span style=\"font-family: 'verdana' , sans-serif\"><a href=\"http:\/\/www.manuelavadefiesta.es\/\">http:\/\/www.manuelavadefiesta.es<\/a> <\/span><\/span><\/p>\n<p>&nbsp;<\/p>\n<div class=\"separator\" style=\"clear: both;text-align: center\"><a style=\"margin-left: 1em;margin-right: 1em\" href=\"https:\/\/i0.wp.com\/1.bp.blogspot.com\/-CdKJaz0HLqg\/Vw_HWJ9T6nI\/AAAAAAAAiYY\/AD0wGuZaPWsI_pbsNuTfJLDzSV5tozSmgCKgB\/s1600\/08%2BMANUELA%2BVA%2BDE%2BFIESTA%2B01-horz.jpg?ssl=1\"><img data-recalc-dims=\"1\" decoding=\"async\" src=\"https:\/\/i0.wp.com\/1.bp.blogspot.com\/-CdKJaz0HLqg\/Vw_HWJ9T6nI\/AAAAAAAAiYY\/AD0wGuZaPWsI_pbsNuTfJLDzSV5tozSmgCKgB\/s1600\/08%2BMANUELA%2BVA%2BDE%2BFIESTA%2B01-horz.jpg?w=640&#038;ssl=1\" border=\"0\" \/><\/a><\/div>\n<p>&nbsp;<\/p>\n<div class=\"separator\" style=\"clear: both;text-align: center\"><a style=\"margin-left: 1em;margin-right: 1em\" href=\"https:\/\/i0.wp.com\/3.bp.blogspot.com\/-pk7yDZpj5-c\/Vw_HWRy4r2I\/AAAAAAAAiYY\/8zUZ_9Y0I5crfeVD64jwXaLKsIfuGYYkQCKgB\/s1600\/08%2BMANUELA%2BVA%2BDE%2BFIESTA%2B02.JPG?ssl=1\"><img data-recalc-dims=\"1\" decoding=\"async\" src=\"https:\/\/i0.wp.com\/3.bp.blogspot.com\/-pk7yDZpj5-c\/Vw_HWRy4r2I\/AAAAAAAAiYY\/8zUZ_9Y0I5crfeVD64jwXaLKsIfuGYYkQCKgB\/s1600\/08%2BMANUELA%2BVA%2BDE%2BFIESTA%2B02.JPG?w=640&#038;ssl=1\" border=\"0\" \/><\/a><\/div>\n<p>&nbsp;<\/p>\n<div class=\"separator\" style=\"clear: both;text-align: center\"><a style=\"margin-left: 1em;margin-right: 1em\" href=\"https:\/\/i0.wp.com\/4.bp.blogspot.com\/-gA-f0yFs1wc\/Vw_HXKUGNUI\/AAAAAAAAiYY\/7nqhSQUb6bs5qt42SGhCzOfOirHVLkJdQCKgB\/s1600\/08%2BMANUELA%2BVA%2BDE%2BFIESTA%2B06-horz.jpg?ssl=1\"><img data-recalc-dims=\"1\" decoding=\"async\" src=\"https:\/\/i0.wp.com\/4.bp.blogspot.com\/-gA-f0yFs1wc\/Vw_HXKUGNUI\/AAAAAAAAiYY\/7nqhSQUb6bs5qt42SGhCzOfOirHVLkJdQCKgB\/s1600\/08%2BMANUELA%2BVA%2BDE%2BFIESTA%2B06-horz.jpg?w=640&#038;ssl=1\" border=\"0\" \/><\/a><\/div>\n<p>&nbsp;<\/p>\n<div class=\"separator\" style=\"clear: both;text-align: center\"><a style=\"margin-left: 1em;margin-right: 1em\" href=\"https:\/\/i0.wp.com\/2.bp.blogspot.com\/-afYekqRf4yw\/Vw_HXtURwcI\/AAAAAAAAiYY\/yCKKLNA6w84WkkJmxTZjA-qtEAWYvClVwCKgB\/s1600\/08%2BMANUELA%2BVA%2BDE%2BFIESTA%2B09-horz.jpg?ssl=1\"><img data-recalc-dims=\"1\" decoding=\"async\" src=\"https:\/\/i0.wp.com\/2.bp.blogspot.com\/-afYekqRf4yw\/Vw_HXtURwcI\/AAAAAAAAiYY\/yCKKLNA6w84WkkJmxTZjA-qtEAWYvClVwCKgB\/s1600\/08%2BMANUELA%2BVA%2BDE%2BFIESTA%2B09-horz.jpg?w=640&#038;ssl=1\" border=\"0\" \/><\/a><\/div>\n<p>&nbsp;<\/p>\n<div class=\"separator\" style=\"clear: both;text-align: center\"><a style=\"margin-left: 1em;margin-right: 1em\" href=\"https:\/\/i0.wp.com\/3.bp.blogspot.com\/-XjwTD28JuYI\/Vw_HYyn2irI\/AAAAAAAAiYY\/womLAcd61M4wtXjYlXCwTKdik8W92IrCQCKgB\/s1600\/08%2BMANUELA%2BVA%2BDE%2BFIESTA%2B12-horz.jpg?ssl=1\"><img data-recalc-dims=\"1\" decoding=\"async\" src=\"https:\/\/i0.wp.com\/3.bp.blogspot.com\/-XjwTD28JuYI\/Vw_HYyn2irI\/AAAAAAAAiYY\/womLAcd61M4wtXjYlXCwTKdik8W92IrCQCKgB\/s1600\/08%2BMANUELA%2BVA%2BDE%2BFIESTA%2B12-horz.jpg?w=640&#038;ssl=1\" border=\"0\" \/><\/a><\/div>\n<p>&nbsp;<\/p>\n<div class=\"separator\" style=\"clear: both;text-align: center\"><a style=\"margin-left: 1em;margin-right: 1em\" href=\"https:\/\/i0.wp.com\/1.bp.blogspot.com\/-1ToPqnZwubE\/Vw_HZsraf9I\/AAAAAAAAiYY\/hwV2Pz0x0s4JVnL_-4hP6Q4fgSi5-Vm3QCKgB\/s1600\/08%2BMANUELA%2BVA%2BDE%2BFIESTA%2B14.JPG?ssl=1\"><img data-recalc-dims=\"1\" decoding=\"async\" src=\"https:\/\/i0.wp.com\/1.bp.blogspot.com\/-1ToPqnZwubE\/Vw_HZsraf9I\/AAAAAAAAiYY\/hwV2Pz0x0s4JVnL_-4hP6Q4fgSi5-Vm3QCKgB\/s1600\/08%2BMANUELA%2BVA%2BDE%2BFIESTA%2B14.JPG?w=640&#038;ssl=1\" border=\"0\" \/><\/a><\/div>\n<p>&nbsp;<\/p>\n<div class=\"separator\" style=\"clear: both;text-align: center\"><a style=\"margin-left: 1em;margin-right: 1em\" href=\"https:\/\/i0.wp.com\/1.bp.blogspot.com\/-mWj7QBuZumM\/Vw_HaQAa3GI\/AAAAAAAAiYY\/-frWQKkEjMIj3s-Y-6IR9Ul8oaV4VKkaACKgB\/s1600\/08%2BMANUELA%2BVA%2BDE%2BFIESTA%2B16.JPG?ssl=1\"><img data-recalc-dims=\"1\" decoding=\"async\" src=\"https:\/\/i0.wp.com\/1.bp.blogspot.com\/-mWj7QBuZumM\/Vw_HaQAa3GI\/AAAAAAAAiYY\/-frWQKkEjMIj3s-Y-6IR9Ul8oaV4VKkaACKgB\/s1600\/08%2BMANUELA%2BVA%2BDE%2BFIESTA%2B16.JPG?w=640&#038;ssl=1\" border=\"0\" \/><\/a><\/div>\n<p>&nbsp;<\/p>\n<div class=\"separator\" style=\"clear: both;text-align: center\"><a style=\"margin-left: 1em;margin-right: 1em\" href=\"https:\/\/i0.wp.com\/2.bp.blogspot.com\/-z-Nn1P2qTZU\/Vw_HbR9RwKI\/AAAAAAAAiYY\/DQexq9I-1tY9Se0ZUXbAgf6zYOLHjLumQCKgB\/s1600\/08%2BMANUELA%2BVA%2BDE%2BFIESTA%2B17.JPG?ssl=1\"><img data-recalc-dims=\"1\" decoding=\"async\" src=\"https:\/\/i0.wp.com\/2.bp.blogspot.com\/-z-Nn1P2qTZU\/Vw_HbR9RwKI\/AAAAAAAAiYY\/DQexq9I-1tY9Se0ZUXbAgf6zYOLHjLumQCKgB\/s1600\/08%2BMANUELA%2BVA%2BDE%2BFIESTA%2B17.JPG?w=640&#038;ssl=1\" border=\"0\" \/><\/a><\/div>\n<p>&nbsp;<\/p>\n<div class=\"separator\" style=\"clear: both;text-align: center\"><a style=\"margin-left: 1em;margin-right: 1em\" href=\"https:\/\/i0.wp.com\/3.bp.blogspot.com\/-NaVTHHE2BFc\/Vw_Hb0f9rPI\/AAAAAAAAiYY\/h2uNkxIIqaQdDXci1OAhQNG535Bo36aYgCKgB\/s1600\/08%2BMANUELA%2BVA%2BDE%2BFIESTA%2B18.JPG?ssl=1\"><img data-recalc-dims=\"1\" decoding=\"async\" src=\"https:\/\/i0.wp.com\/3.bp.blogspot.com\/-NaVTHHE2BFc\/Vw_Hb0f9rPI\/AAAAAAAAiYY\/h2uNkxIIqaQdDXci1OAhQNG535Bo36aYgCKgB\/s1600\/08%2BMANUELA%2BVA%2BDE%2BFIESTA%2B18.JPG?w=640&#038;ssl=1\" border=\"0\" \/><\/a><\/div>\n<p><span style=\"font-size: large\"><span style=\"font-family: 'verdana' , sans-serif\"><br \/>\n[youtube https:\/\/www.youtube.com\/watch?v=-wUoEkjwHNk]\u00a0<\/span><\/span><\/p>\n<p><b><span style=\"font-size: large\"><span style=\"font-family: 'verdana' , sans-serif\">SIEMPREPRIMAVERA<\/span><\/span><\/b><\/p>\n<div style=\"text-align: left\"><span style=\"font-size: large\"><span style=\"font-family: 'verdana' , sans-serif\"><span style=\"color: #a94c7a\">Siempreprimavera<\/span>\u00a0est\u00e1<span style=\"line-height: 1.5\">\u00a0formado<br \/>\npor Carmen Muro y Cheward Rom\u00e1n. Dan forma a complementos y accesorios inspirados en la naturaleza,<br \/>\ntodos ellos elaborados con la sencillez de las propias manos: coronas,<br \/>\ncoronitas, tocados, diademas, pamelas, canotiers, bolsos,<br \/>\ncinturones, boinas, pulseras y caricias de\u00a0 fantas\u00eda floral, que<br \/>\nrealcen la belleza de lo femenino en las cuatro estaciones, aunque en<br \/>\nrealidad\u00a0<span style=\"color: #a94c7a\">Siempreprimavera<\/span>.<\/span><\/span><\/span><\/div>\n<div style=\"text-align: left\"><span style=\"font-size: large\"><span style=\"font-family: 'verdana' , sans-serif\"><span style=\"line-height: 1.5\">Han trabajado con la prestigiosa dise\u00f1adora Diane Von F\u00fcrstenberg en la colecci\u00f3n Primavera\/Verano 2016, desfilando en la New York Fashion Week.<\/span><\/span><\/span><\/div>\n<div style=\"text-align: left\"><span style=\"font-size: large\"><span style=\"font-family: 'verdana' , sans-serif\"><span style=\"line-height: 1.5\">Los vestidos con aire ibicenco tan bonitos son de <a href=\"http:\/\/riosmoda.com\/\" target=\"_blank\">R\u00edos Moda<\/a>.<\/span><\/span><\/span><\/div>\n<div style=\"text-align: left\"><span style=\"font-size: large\"><span style=\"font-family: 'verdana' , sans-serif\"><a href=\"http:\/\/www.siempreprimavera.es\/\" target=\"_blank\"><span style=\"line-height: 1.5\">http:\/\/www.siempreprimavera.es\/\u00a0<\/span><\/a><\/span><\/span><\/div>\n<p>&nbsp;<\/p>\n<div class=\"separator\" style=\"clear: both;text-align: center\"><a style=\"margin-left: 1em;margin-right: 1em\" href=\"https:\/\/i0.wp.com\/4.bp.blogspot.com\/-lR8Eeaod0-M\/Vw_HdKr1ETI\/AAAAAAAAiYY\/Vzi0X67U5u0xdPWegh5t_30aOyM_J-ubACKgB\/s1600\/09%2BSIEMPREPRIMAVERA%2B01-horz.jpg?ssl=1\"><img data-recalc-dims=\"1\" decoding=\"async\" src=\"https:\/\/i0.wp.com\/4.bp.blogspot.com\/-lR8Eeaod0-M\/Vw_HdKr1ETI\/AAAAAAAAiYY\/Vzi0X67U5u0xdPWegh5t_30aOyM_J-ubACKgB\/s1600\/09%2BSIEMPREPRIMAVERA%2B01-horz.jpg?w=640&#038;ssl=1\" border=\"0\" \/><\/a><\/div>\n<p>&nbsp;<\/p>\n<div class=\"separator\" style=\"clear: both;text-align: center\"><a style=\"margin-left: 1em;margin-right: 1em\" href=\"https:\/\/i0.wp.com\/2.bp.blogspot.com\/-WRYFJ6fCyuE\/Vw_HdtJzeeI\/AAAAAAAAiYY\/PAQfYIztXvgHGD_9VTYtjCNEOhzxrz1mQCKgB\/s1600\/09%2BSIEMPREPRIMAVERA%2B04.JPG?ssl=1\"><img data-recalc-dims=\"1\" decoding=\"async\" src=\"https:\/\/i0.wp.com\/2.bp.blogspot.com\/-WRYFJ6fCyuE\/Vw_HdtJzeeI\/AAAAAAAAiYY\/PAQfYIztXvgHGD_9VTYtjCNEOhzxrz1mQCKgB\/s1600\/09%2BSIEMPREPRIMAVERA%2B04.JPG?w=640&#038;ssl=1\" border=\"0\" \/><\/a><\/div>\n<p><span style=\"font-size: large\"><span style=\"font-family: 'verdana' , sans-serif\"><br \/>\n[youtube https:\/\/www.youtube.com\/watch?v=SQROOD2kuUk]<\/p>\n<p><span style=\"font-size: large\"><span style=\"font-family: 'verdana' , sans-serif\"><br \/>\n<span style=\"font-size: large\"><span style=\"font-family: 'verdana' , sans-serif\">\u00a0<\/span><\/span><\/span><\/span><\/span><\/span><br \/>\n<span style=\"font-size: large\"><span style=\"font-family: 'verdana' , sans-serif\"><span style=\"font-size: large\"><span style=\"font-family: 'verdana' , sans-serif\"><span style=\"font-size: large\"><span style=\"font-family: 'verdana' , sans-serif\">Este d\u00eda Edurne, presentadora de la gala iba vestida muy juvenil, de <span style=\"font-family: 'verdana' , sans-serif\"><a href=\"https:\/\/www.facebook.com\/PatriciayFoncea\" target=\"_blank\">Boutique Patricia y Foncea<\/a>.<\/span><\/span><\/span><\/span><\/span><\/span><\/span><br \/>\n<span style=\"font-size: large\"><span style=\"font-family: 'verdana' , sans-serif\"><span style=\"font-size: large\"><span style=\"font-family: 'verdana' , sans-serif\"><span style=\"font-size: large\"><span style=\"font-family: 'verdana' , sans-serif\">\u00a0 <\/span><\/span><\/span><\/span><\/span><\/span><\/p>\n<div class=\"separator\" style=\"clear: both;text-align: center\"><span style=\"font-size: large\"><span style=\"font-family: 'verdana' , sans-serif\"><span style=\"font-size: large\"><span style=\"font-family: 'verdana' , sans-serif\"><span style=\"font-size: large\"><span style=\"font-family: 'verdana' , sans-serif\"><a style=\"margin-left: 1em;margin-right: 1em\" href=\"https:\/\/i0.wp.com\/4.bp.blogspot.com\/-gnpsDtuNa6w\/Vw_HfjytcOI\/AAAAAAAAiYY\/W3I2_Re0HyYC_MWp7e2-EnX-PbunqfULQCKgB\/s1600\/Presentadora%2B01.jpg?ssl=1\"><img data-recalc-dims=\"1\" decoding=\"async\" src=\"https:\/\/i0.wp.com\/4.bp.blogspot.com\/-gnpsDtuNa6w\/Vw_HfjytcOI\/AAAAAAAAiYY\/W3I2_Re0HyYC_MWp7e2-EnX-PbunqfULQCKgB\/s1600\/Presentadora%2B01.jpg?w=640&#038;ssl=1\" border=\"0\" \/><\/a><\/span><\/span><\/span><\/span><\/span><\/span><\/div>\n<p><span style=\"font-size: large\"><span style=\"font-family: 'verdana' , sans-serif\"><span style=\"font-size: large\"><span style=\"font-family: 'verdana' , sans-serif\"><span style=\"font-size: large\"><span style=\"font-family: 'verdana' , sans-serif\">Si quer\u00e9is, pod\u00e9is <a href=\"https:\/\/www.google.com\/friendconnect\/signin\/home?st=e%3DAOG8GaDS%252B4kxog6zaT5CEnWSgbBnPHmL5lSEqv5b32bktcdX7kNb%252Beq1%252Fyayt5DG1BgaoJiBqrsLC6oizndLk9%252B60utPyv5A4EDL67d9t7RcHWvh8w95b8eu7T1AagmhE4kM1rxVhbWRURsTbrNZGnh1FWtHX7kpqF0tz6u6pUYEWLLyXYaLcbup8pk5qFxeDUFbLIwBEqjnp6%252BpmVEMVriiOjRA6z3us0%252B1uWL%252BA8mnD1xAA7EPUuo%253D%26c%3Dpeoplesense&amp;psinvite=&amp;subscribeOnSignin=1\" target=\"_blank\">suscribiros a mi blog<\/a>, pasaros por <a href=\"https:\/\/www.instagram.com\/makurrina\/\" target=\"_blank\">Mi Instagram<\/a> o por el resto de mis redes sociales<\/span><\/span><\/span><\/span><\/span><\/span><br \/>\n<span style=\"font-size: large\"><span style=\"font-family: 'verdana' , sans-serif\"><span style=\"font-size: large\"><span style=\"font-family: 'verdana' , sans-serif\"><span style=\"font-size: large\"><span style=\"font-family: 'verdana' , sans-serif\">\u00a0<\/span><\/span><\/span><\/span><\/span><\/span><\/p>\n<div style=\"text-align: center\"><span style=\"font-size: large\"><span style=\"font-family: 'verdana' , sans-serif\"><span style=\"font-size: large\"><span style=\"font-family: 'verdana' , sans-serif\"><span style=\"font-size: large\"><span style=\"font-family: 'verdana' , sans-serif\"><b>S\u00edgueme e<span style=\"font-family: 'verdana' , sans-serif\">n<\/span>&#8230;\u00a0 <\/b><\/span><\/span><\/span><\/span><\/span><\/span><\/div>\n<div style=\"text-align: center\"><span style=\"font-size: large\"><span style=\"font-size: large\"><span style=\"font-family: 'trebuchet ms' , sans-serif\"><a href=\"http:\/\/www.facebook.com\/makubelmonte\" target=\"_blank\"><img data-recalc-dims=\"1\" loading=\"lazy\" decoding=\"async\" src=\"https:\/\/i0.wp.com\/lh3.googleusercontent.com\/-NSLbC_ztNls\/T6VX0g6z8AI\/AAAAAAAAA0A\/_vyIBrmZbuY\/s40\/facebook40.png?resize=40%2C40&#038;ssl=1\" alt=\"Siguenos en Facebook\" width=\"40\" height=\"40\" \/><\/a><a href=\"http:\/\/twitter.com\/makurrina\" target=\"_blank\"><img data-recalc-dims=\"1\" loading=\"lazy\" decoding=\"async\" src=\"https:\/\/i0.wp.com\/lh6.googleusercontent.com\/-vao9pzZoGtk\/T6VYC4d1YMI\/AAAAAAAAA0U\/4rdP2chJido\/s40\/twitter40.png?resize=40%2C40&#038;ssl=1\" alt=\"S\u00edguenos en Twitter\" width=\"40\" height=\"40\" \/><\/a><a href=\"http:\/\/instagram.com\/makurrina\" target=\"_blank\"><img data-recalc-dims=\"1\" loading=\"lazy\" decoding=\"async\" src=\"https:\/\/i0.wp.com\/lh3.googleusercontent.com\/-D-erW-8vZFo\/UIqE3H6oUuI\/AAAAAAAABgE\/4kh346Lwaxk\/s40\/instagram40.png?resize=40%2C40&#038;ssl=1\" alt=\"Siguenos en Blogger\" width=\"40\" height=\"40\" \/><\/a><a href=\"http:\/\/pinterest.com\/lascosasdemaku\" target=\"_blank\"><img data-recalc-dims=\"1\" loading=\"lazy\" decoding=\"async\" src=\"https:\/\/i0.wp.com\/lh3.googleusercontent.com\/-VL5WSnUKa9k\/T73l-VAgt8I\/AAAAAAAAA5k\/EUxxhbV2P7s\/s40\/pinterest40.png?resize=40%2C40&#038;ssl=1\" alt=\"Siguenos en Pinterest\" width=\"40\" height=\"40\" \/><\/a><a href=\"https:\/\/www.youtube.com\/channel\/UCaB6EEoD9OLPrva5R-pyWpg\" target=\"_blank\"><img data-recalc-dims=\"1\" loading=\"lazy\" decoding=\"async\" src=\"https:\/\/i0.wp.com\/lh6.googleusercontent.com\/-Atgpy-x_OwI\/T6mYkA18hYI\/AAAAAAAAA1U\/qksUJ5uBq3c\/s40\/youtube40.png?resize=40%2C40&#038;ssl=1\" alt=\"Siguenos en YouTube\" width=\"40\" height=\"40\" \/><\/a><a title=\"Follow Las cosas de Maku on Bloglovin\" href=\"http:\/\/www.bloglovin.com\/en\/blog\/3625425\"><img data-recalc-dims=\"1\" decoding=\"async\" src=\"https:\/\/i0.wp.com\/www.bloglovin.com\/widget\/bilder\/en\/widget.gif?w=640\" alt=\"Follow on Bloglovin\" border=\"0\" \/><\/a><\/span><\/span><\/span><\/div>\n<p><span style=\"font-size: large\"><br \/>\n<\/span><\/p>\n","protected":false},"excerpt":{"rendered":"<p>Hola soletes!!! Ayer Pasarela Gasteiz On acogi\u00f3 el 22\u00ba Encuentro de Nuevos Creadores de Moda. Poneos c\u00f3modos, coged palomitas o algo porque este post va a ser muy largo, ya que 9 nuevos dise\u00f1adores lucieron en nuestra pasarela sus propuestas. Os los presento en orden de aparici\u00f3n y el viernes se entregar\u00e1 el \u00abPremio a la Mejor Colecci\u00f3n\u00bb y el \u00abPremio al Modelo con mayor Proyecci\u00f3n\u00bb (si no os lo quer\u00e9is perder recoged vuestra invitaci\u00f3n en uno de los comercios colaboradores) a las 20:30h en el Museo Artium. Este a\u00f1o&hellip;<\/p>\n","protected":false},"author":2,"featured_media":0,"comment_status":"open","ping_status":"open","sticky":false,"template":"","format":"standard","meta":{"_jetpack_memberships_contains_paid_content":false,"footnotes":""},"categories":[3,4],"tags":[71,430,9,31,10,106],"class_list":["post-8466","post","type-post","status-publish","format-standard","hentry","category-noticias","category-pasarela","tag-desfile","tag-diario-de-pasarela","tag-gasteiz-on","tag-nuevos-creadores","tag-pasarela-gasteiz-on","tag-vitoria-gasteiz"],"yoast_head":"<!-- This site is optimized with the Yoast SEO plugin v27.4 - https:\/\/yoast.com\/product\/yoast-seo-wordpress\/ -->\n<title>22\u00ba Encuentro de Nuevos Creadores de Moda - Pasarela Gasteiz On by Makurrina - Pasarela Gasteiz On<\/title>\n<meta name=\"robots\" content=\"index, follow, max-snippet:-1, max-image-preview:large, max-video-preview:-1\" \/>\n<link rel=\"canonical\" href=\"http:\/\/pasarelagasteizon.com\/wordpress\/22o-encuentro-nuevos-creadores-moda-pasarela-gasteiz-on-by-makurrina\/\" \/>\n<meta property=\"og:locale\" content=\"es_ES\" \/>\n<meta property=\"og:type\" content=\"article\" \/>\n<meta property=\"og:title\" content=\"22\u00ba Encuentro de Nuevos Creadores de Moda - Pasarela Gasteiz On by Makurrina - Pasarela Gasteiz On\" \/>\n<meta property=\"og:description\" content=\"Hola soletes!!! Ayer Pasarela Gasteiz On acogi\u00f3 el 22\u00ba Encuentro de Nuevos Creadores de Moda. Poneos c\u00f3modos, coged palomitas o algo porque este post va a ser muy largo, ya que 9 nuevos dise\u00f1adores lucieron en nuestra pasarela sus propuestas. Os los presento en orden de aparici\u00f3n y el viernes se entregar\u00e1 el \u00abPremio a la Mejor Colecci\u00f3n\u00bb y el \u00abPremio al Modelo con mayor Proyecci\u00f3n\u00bb (si no os lo quer\u00e9is perder recoged vuestra invitaci\u00f3n en uno de los comercios colaboradores) a las 20:30h en el Museo Artium. Este a\u00f1o&hellip;\" \/>\n<meta property=\"og:url\" content=\"http:\/\/pasarelagasteizon.com\/wordpress\/22o-encuentro-nuevos-creadores-moda-pasarela-gasteiz-on-by-makurrina\/\" \/>\n<meta property=\"og:site_name\" content=\"Pasarela Gasteiz On\" \/>\n<meta property=\"article:author\" content=\"http:\/\/www.facebook.com\/pasarelagasteizon\" \/>\n<meta property=\"article:published_time\" content=\"2016-04-14T17:03:05+00:00\" \/>\n<meta property=\"og:image\" content=\"https:\/\/1.bp.blogspot.com\/-IWbux_evsV0\/Vw_HeeHjdDI\/AAAAAAAAiYY\/Y1KVssOjgVAUKlzlMo63DqWnXDXrDs8xQCKgB\/s1600\/Blogueras.JPG\" \/>\n<meta name=\"author\" content=\"Gasteiz On\" \/>\n<meta name=\"twitter:label1\" content=\"Escrito por\" \/>\n\t<meta name=\"twitter:data1\" content=\"Gasteiz On\" \/>\n\t<meta name=\"twitter:label2\" content=\"Tiempo de lectura\" \/>\n\t<meta name=\"twitter:data2\" content=\"9 minutos\" \/>\n<script type=\"application\/ld+json\" class=\"yoast-schema-graph\">{\"@context\":\"https:\\\/\\\/schema.org\",\"@graph\":[{\"@type\":\"Article\",\"@id\":\"http:\\\/\\\/pasarelagasteizon.com\\\/wordpress\\\/22o-encuentro-nuevos-creadores-moda-pasarela-gasteiz-on-by-makurrina\\\/#article\",\"isPartOf\":{\"@id\":\"http:\\\/\\\/pasarelagasteizon.com\\\/wordpress\\\/22o-encuentro-nuevos-creadores-moda-pasarela-gasteiz-on-by-makurrina\\\/\"},\"author\":{\"name\":\"Gasteiz On\",\"@id\":\"http:\\\/\\\/pasarelagasteizon.com\\\/wordpress\\\/#\\\/schema\\\/person\\\/ca0763fe496c784063b413ada98bae15\"},\"headline\":\"22\u00ba Encuentro de Nuevos Creadores de Moda &#8211; Pasarela Gasteiz On by Makurrina\",\"datePublished\":\"2016-04-14T17:03:05+00:00\",\"mainEntityOfPage\":{\"@id\":\"http:\\\/\\\/pasarelagasteizon.com\\\/wordpress\\\/22o-encuentro-nuevos-creadores-moda-pasarela-gasteiz-on-by-makurrina\\\/\"},\"wordCount\":1803,\"commentCount\":0,\"publisher\":{\"@id\":\"http:\\\/\\\/pasarelagasteizon.com\\\/wordpress\\\/#organization\"},\"image\":{\"@id\":\"http:\\\/\\\/pasarelagasteizon.com\\\/wordpress\\\/22o-encuentro-nuevos-creadores-moda-pasarela-gasteiz-on-by-makurrina\\\/#primaryimage\"},\"thumbnailUrl\":\"https:\\\/\\\/1.bp.blogspot.com\\\/-IWbux_evsV0\\\/Vw_HeeHjdDI\\\/AAAAAAAAiYY\\\/Y1KVssOjgVAUKlzlMo63DqWnXDXrDs8xQCKgB\\\/s1600\\\/Blogueras.JPG\",\"keywords\":[\"desfile\",\"diario de pasarela\",\"Gasteiz On\",\"nuevos creadores\",\"Pasarela Gasteiz On\",\"vitoria-gasteiz\"],\"articleSection\":[\"noticias\",\"pasarela\"],\"inLanguage\":\"es\",\"potentialAction\":[{\"@type\":\"CommentAction\",\"name\":\"Comment\",\"target\":[\"http:\\\/\\\/pasarelagasteizon.com\\\/wordpress\\\/22o-encuentro-nuevos-creadores-moda-pasarela-gasteiz-on-by-makurrina\\\/#respond\"]}]},{\"@type\":\"WebPage\",\"@id\":\"http:\\\/\\\/pasarelagasteizon.com\\\/wordpress\\\/22o-encuentro-nuevos-creadores-moda-pasarela-gasteiz-on-by-makurrina\\\/\",\"url\":\"http:\\\/\\\/pasarelagasteizon.com\\\/wordpress\\\/22o-encuentro-nuevos-creadores-moda-pasarela-gasteiz-on-by-makurrina\\\/\",\"name\":\"22\u00ba Encuentro de Nuevos Creadores de Moda - Pasarela Gasteiz On by Makurrina - Pasarela Gasteiz On\",\"isPartOf\":{\"@id\":\"http:\\\/\\\/pasarelagasteizon.com\\\/wordpress\\\/#website\"},\"primaryImageOfPage\":{\"@id\":\"http:\\\/\\\/pasarelagasteizon.com\\\/wordpress\\\/22o-encuentro-nuevos-creadores-moda-pasarela-gasteiz-on-by-makurrina\\\/#primaryimage\"},\"image\":{\"@id\":\"http:\\\/\\\/pasarelagasteizon.com\\\/wordpress\\\/22o-encuentro-nuevos-creadores-moda-pasarela-gasteiz-on-by-makurrina\\\/#primaryimage\"},\"thumbnailUrl\":\"https:\\\/\\\/1.bp.blogspot.com\\\/-IWbux_evsV0\\\/Vw_HeeHjdDI\\\/AAAAAAAAiYY\\\/Y1KVssOjgVAUKlzlMo63DqWnXDXrDs8xQCKgB\\\/s1600\\\/Blogueras.JPG\",\"datePublished\":\"2016-04-14T17:03:05+00:00\",\"breadcrumb\":{\"@id\":\"http:\\\/\\\/pasarelagasteizon.com\\\/wordpress\\\/22o-encuentro-nuevos-creadores-moda-pasarela-gasteiz-on-by-makurrina\\\/#breadcrumb\"},\"inLanguage\":\"es\",\"potentialAction\":[{\"@type\":\"ReadAction\",\"target\":[\"http:\\\/\\\/pasarelagasteizon.com\\\/wordpress\\\/22o-encuentro-nuevos-creadores-moda-pasarela-gasteiz-on-by-makurrina\\\/\"]}]},{\"@type\":\"ImageObject\",\"inLanguage\":\"es\",\"@id\":\"http:\\\/\\\/pasarelagasteizon.com\\\/wordpress\\\/22o-encuentro-nuevos-creadores-moda-pasarela-gasteiz-on-by-makurrina\\\/#primaryimage\",\"url\":\"https:\\\/\\\/1.bp.blogspot.com\\\/-IWbux_evsV0\\\/Vw_HeeHjdDI\\\/AAAAAAAAiYY\\\/Y1KVssOjgVAUKlzlMo63DqWnXDXrDs8xQCKgB\\\/s1600\\\/Blogueras.JPG\",\"contentUrl\":\"https:\\\/\\\/1.bp.blogspot.com\\\/-IWbux_evsV0\\\/Vw_HeeHjdDI\\\/AAAAAAAAiYY\\\/Y1KVssOjgVAUKlzlMo63DqWnXDXrDs8xQCKgB\\\/s1600\\\/Blogueras.JPG\"},{\"@type\":\"BreadcrumbList\",\"@id\":\"http:\\\/\\\/pasarelagasteizon.com\\\/wordpress\\\/22o-encuentro-nuevos-creadores-moda-pasarela-gasteiz-on-by-makurrina\\\/#breadcrumb\",\"itemListElement\":[{\"@type\":\"ListItem\",\"position\":1,\"name\":\"Portada\",\"item\":\"http:\\\/\\\/pasarelagasteizon.com\\\/wordpress\\\/\"},{\"@type\":\"ListItem\",\"position\":2,\"name\":\"22\u00ba Encuentro de Nuevos Creadores de Moda &#8211; Pasarela Gasteiz On by Makurrina\"}]},{\"@type\":\"WebSite\",\"@id\":\"http:\\\/\\\/pasarelagasteizon.com\\\/wordpress\\\/#website\",\"url\":\"http:\\\/\\\/pasarelagasteizon.com\\\/wordpress\\\/\",\"name\":\"Pasarela Gasteiz On\",\"description\":\"Pasarela de Moda de Vitoria-Gasteiz, Pais Vasco, Euskadi\",\"publisher\":{\"@id\":\"http:\\\/\\\/pasarelagasteizon.com\\\/wordpress\\\/#organization\"},\"potentialAction\":[{\"@type\":\"SearchAction\",\"target\":{\"@type\":\"EntryPoint\",\"urlTemplate\":\"http:\\\/\\\/pasarelagasteizon.com\\\/wordpress\\\/?s={search_term_string}\"},\"query-input\":{\"@type\":\"PropertyValueSpecification\",\"valueRequired\":true,\"valueName\":\"search_term_string\"}}],\"inLanguage\":\"es\"},{\"@type\":\"Organization\",\"@id\":\"http:\\\/\\\/pasarelagasteizon.com\\\/wordpress\\\/#organization\",\"name\":\"Pasarela Gasteiz On\",\"url\":\"http:\\\/\\\/pasarelagasteizon.com\\\/wordpress\\\/\",\"logo\":{\"@type\":\"ImageObject\",\"inLanguage\":\"es\",\"@id\":\"http:\\\/\\\/pasarelagasteizon.com\\\/wordpress\\\/#\\\/schema\\\/logo\\\/image\\\/\",\"url\":\"https:\\\/\\\/i0.wp.com\\\/pasarelagasteizon.com\\\/wordpress\\\/wp-content\\\/uploads\\\/2021\\\/09\\\/cropped-Logo-transparente-1-e1631584688615.png?fit=92%2C34\",\"contentUrl\":\"https:\\\/\\\/i0.wp.com\\\/pasarelagasteizon.com\\\/wordpress\\\/wp-content\\\/uploads\\\/2021\\\/09\\\/cropped-Logo-transparente-1-e1631584688615.png?fit=92%2C34\",\"width\":92,\"height\":34,\"caption\":\"Pasarela Gasteiz On\"},\"image\":{\"@id\":\"http:\\\/\\\/pasarelagasteizon.com\\\/wordpress\\\/#\\\/schema\\\/logo\\\/image\\\/\"}},{\"@type\":\"Person\",\"@id\":\"http:\\\/\\\/pasarelagasteizon.com\\\/wordpress\\\/#\\\/schema\\\/person\\\/ca0763fe496c784063b413ada98bae15\",\"name\":\"Gasteiz On\",\"image\":{\"@type\":\"ImageObject\",\"inLanguage\":\"es\",\"@id\":\"https:\\\/\\\/secure.gravatar.com\\\/avatar\\\/150fccb9922dcb6d1f6e7375126f3fc973090b6e0e78de5aea651cdca6453f40?s=96&d=mm&r=g\",\"url\":\"https:\\\/\\\/secure.gravatar.com\\\/avatar\\\/150fccb9922dcb6d1f6e7375126f3fc973090b6e0e78de5aea651cdca6453f40?s=96&d=mm&r=g\",\"contentUrl\":\"https:\\\/\\\/secure.gravatar.com\\\/avatar\\\/150fccb9922dcb6d1f6e7375126f3fc973090b6e0e78de5aea651cdca6453f40?s=96&d=mm&r=g\",\"caption\":\"Gasteiz On\"},\"sameAs\":[\"http:\\\/\\\/www.gasteizon.eus\",\"http:\\\/\\\/www.facebook.com\\\/pasarelagasteizon\",\"https:\\\/\\\/x.com\\\/pasarelagon\"],\"url\":\"http:\\\/\\\/pasarelagasteizon.com\\\/wordpress\\\/author\\\/gasteizon\\\/\"}]}<\/script>\n<!-- \/ Yoast SEO plugin. -->","yoast_head_json":{"title":"22\u00ba Encuentro de Nuevos Creadores de Moda - Pasarela Gasteiz On by Makurrina - Pasarela Gasteiz On","robots":{"index":"index","follow":"follow","max-snippet":"max-snippet:-1","max-image-preview":"max-image-preview:large","max-video-preview":"max-video-preview:-1"},"canonical":"http:\/\/pasarelagasteizon.com\/wordpress\/22o-encuentro-nuevos-creadores-moda-pasarela-gasteiz-on-by-makurrina\/","og_locale":"es_ES","og_type":"article","og_title":"22\u00ba Encuentro de Nuevos Creadores de Moda - Pasarela Gasteiz On by Makurrina - Pasarela Gasteiz On","og_description":"Hola soletes!!! Ayer Pasarela Gasteiz On acogi\u00f3 el 22\u00ba Encuentro de Nuevos Creadores de Moda. Poneos c\u00f3modos, coged palomitas o algo porque este post va a ser muy largo, ya que 9 nuevos dise\u00f1adores lucieron en nuestra pasarela sus propuestas. Os los presento en orden de aparici\u00f3n y el viernes se entregar\u00e1 el \u00abPremio a la Mejor Colecci\u00f3n\u00bb y el \u00abPremio al Modelo con mayor Proyecci\u00f3n\u00bb (si no os lo quer\u00e9is perder recoged vuestra invitaci\u00f3n en uno de los comercios colaboradores) a las 20:30h en el Museo Artium. Este a\u00f1o&hellip;","og_url":"http:\/\/pasarelagasteizon.com\/wordpress\/22o-encuentro-nuevos-creadores-moda-pasarela-gasteiz-on-by-makurrina\/","og_site_name":"Pasarela Gasteiz On","article_author":"http:\/\/www.facebook.com\/pasarelagasteizon","article_published_time":"2016-04-14T17:03:05+00:00","og_image":[{"url":"https:\/\/1.bp.blogspot.com\/-IWbux_evsV0\/Vw_HeeHjdDI\/AAAAAAAAiYY\/Y1KVssOjgVAUKlzlMo63DqWnXDXrDs8xQCKgB\/s1600\/Blogueras.JPG","type":"","width":"","height":""}],"author":"Gasteiz On","twitter_misc":{"Escrito por":"Gasteiz On","Tiempo de lectura":"9 minutos"},"schema":{"@context":"https:\/\/schema.org","@graph":[{"@type":"Article","@id":"http:\/\/pasarelagasteizon.com\/wordpress\/22o-encuentro-nuevos-creadores-moda-pasarela-gasteiz-on-by-makurrina\/#article","isPartOf":{"@id":"http:\/\/pasarelagasteizon.com\/wordpress\/22o-encuentro-nuevos-creadores-moda-pasarela-gasteiz-on-by-makurrina\/"},"author":{"name":"Gasteiz On","@id":"http:\/\/pasarelagasteizon.com\/wordpress\/#\/schema\/person\/ca0763fe496c784063b413ada98bae15"},"headline":"22\u00ba Encuentro de Nuevos Creadores de Moda &#8211; Pasarela Gasteiz On by Makurrina","datePublished":"2016-04-14T17:03:05+00:00","mainEntityOfPage":{"@id":"http:\/\/pasarelagasteizon.com\/wordpress\/22o-encuentro-nuevos-creadores-moda-pasarela-gasteiz-on-by-makurrina\/"},"wordCount":1803,"commentCount":0,"publisher":{"@id":"http:\/\/pasarelagasteizon.com\/wordpress\/#organization"},"image":{"@id":"http:\/\/pasarelagasteizon.com\/wordpress\/22o-encuentro-nuevos-creadores-moda-pasarela-gasteiz-on-by-makurrina\/#primaryimage"},"thumbnailUrl":"https:\/\/1.bp.blogspot.com\/-IWbux_evsV0\/Vw_HeeHjdDI\/AAAAAAAAiYY\/Y1KVssOjgVAUKlzlMo63DqWnXDXrDs8xQCKgB\/s1600\/Blogueras.JPG","keywords":["desfile","diario de pasarela","Gasteiz On","nuevos creadores","Pasarela Gasteiz On","vitoria-gasteiz"],"articleSection":["noticias","pasarela"],"inLanguage":"es","potentialAction":[{"@type":"CommentAction","name":"Comment","target":["http:\/\/pasarelagasteizon.com\/wordpress\/22o-encuentro-nuevos-creadores-moda-pasarela-gasteiz-on-by-makurrina\/#respond"]}]},{"@type":"WebPage","@id":"http:\/\/pasarelagasteizon.com\/wordpress\/22o-encuentro-nuevos-creadores-moda-pasarela-gasteiz-on-by-makurrina\/","url":"http:\/\/pasarelagasteizon.com\/wordpress\/22o-encuentro-nuevos-creadores-moda-pasarela-gasteiz-on-by-makurrina\/","name":"22\u00ba Encuentro de Nuevos Creadores de Moda - Pasarela Gasteiz On by Makurrina - Pasarela Gasteiz On","isPartOf":{"@id":"http:\/\/pasarelagasteizon.com\/wordpress\/#website"},"primaryImageOfPage":{"@id":"http:\/\/pasarelagasteizon.com\/wordpress\/22o-encuentro-nuevos-creadores-moda-pasarela-gasteiz-on-by-makurrina\/#primaryimage"},"image":{"@id":"http:\/\/pasarelagasteizon.com\/wordpress\/22o-encuentro-nuevos-creadores-moda-pasarela-gasteiz-on-by-makurrina\/#primaryimage"},"thumbnailUrl":"https:\/\/1.bp.blogspot.com\/-IWbux_evsV0\/Vw_HeeHjdDI\/AAAAAAAAiYY\/Y1KVssOjgVAUKlzlMo63DqWnXDXrDs8xQCKgB\/s1600\/Blogueras.JPG","datePublished":"2016-04-14T17:03:05+00:00","breadcrumb":{"@id":"http:\/\/pasarelagasteizon.com\/wordpress\/22o-encuentro-nuevos-creadores-moda-pasarela-gasteiz-on-by-makurrina\/#breadcrumb"},"inLanguage":"es","potentialAction":[{"@type":"ReadAction","target":["http:\/\/pasarelagasteizon.com\/wordpress\/22o-encuentro-nuevos-creadores-moda-pasarela-gasteiz-on-by-makurrina\/"]}]},{"@type":"ImageObject","inLanguage":"es","@id":"http:\/\/pasarelagasteizon.com\/wordpress\/22o-encuentro-nuevos-creadores-moda-pasarela-gasteiz-on-by-makurrina\/#primaryimage","url":"https:\/\/1.bp.blogspot.com\/-IWbux_evsV0\/Vw_HeeHjdDI\/AAAAAAAAiYY\/Y1KVssOjgVAUKlzlMo63DqWnXDXrDs8xQCKgB\/s1600\/Blogueras.JPG","contentUrl":"https:\/\/1.bp.blogspot.com\/-IWbux_evsV0\/Vw_HeeHjdDI\/AAAAAAAAiYY\/Y1KVssOjgVAUKlzlMo63DqWnXDXrDs8xQCKgB\/s1600\/Blogueras.JPG"},{"@type":"BreadcrumbList","@id":"http:\/\/pasarelagasteizon.com\/wordpress\/22o-encuentro-nuevos-creadores-moda-pasarela-gasteiz-on-by-makurrina\/#breadcrumb","itemListElement":[{"@type":"ListItem","position":1,"name":"Portada","item":"http:\/\/pasarelagasteizon.com\/wordpress\/"},{"@type":"ListItem","position":2,"name":"22\u00ba Encuentro de Nuevos Creadores de Moda &#8211; Pasarela Gasteiz On by Makurrina"}]},{"@type":"WebSite","@id":"http:\/\/pasarelagasteizon.com\/wordpress\/#website","url":"http:\/\/pasarelagasteizon.com\/wordpress\/","name":"Pasarela Gasteiz On","description":"Pasarela de Moda de Vitoria-Gasteiz, Pais Vasco, Euskadi","publisher":{"@id":"http:\/\/pasarelagasteizon.com\/wordpress\/#organization"},"potentialAction":[{"@type":"SearchAction","target":{"@type":"EntryPoint","urlTemplate":"http:\/\/pasarelagasteizon.com\/wordpress\/?s={search_term_string}"},"query-input":{"@type":"PropertyValueSpecification","valueRequired":true,"valueName":"search_term_string"}}],"inLanguage":"es"},{"@type":"Organization","@id":"http:\/\/pasarelagasteizon.com\/wordpress\/#organization","name":"Pasarela Gasteiz On","url":"http:\/\/pasarelagasteizon.com\/wordpress\/","logo":{"@type":"ImageObject","inLanguage":"es","@id":"http:\/\/pasarelagasteizon.com\/wordpress\/#\/schema\/logo\/image\/","url":"https:\/\/i0.wp.com\/pasarelagasteizon.com\/wordpress\/wp-content\/uploads\/2021\/09\/cropped-Logo-transparente-1-e1631584688615.png?fit=92%2C34","contentUrl":"https:\/\/i0.wp.com\/pasarelagasteizon.com\/wordpress\/wp-content\/uploads\/2021\/09\/cropped-Logo-transparente-1-e1631584688615.png?fit=92%2C34","width":92,"height":34,"caption":"Pasarela Gasteiz On"},"image":{"@id":"http:\/\/pasarelagasteizon.com\/wordpress\/#\/schema\/logo\/image\/"}},{"@type":"Person","@id":"http:\/\/pasarelagasteizon.com\/wordpress\/#\/schema\/person\/ca0763fe496c784063b413ada98bae15","name":"Gasteiz On","image":{"@type":"ImageObject","inLanguage":"es","@id":"https:\/\/secure.gravatar.com\/avatar\/150fccb9922dcb6d1f6e7375126f3fc973090b6e0e78de5aea651cdca6453f40?s=96&d=mm&r=g","url":"https:\/\/secure.gravatar.com\/avatar\/150fccb9922dcb6d1f6e7375126f3fc973090b6e0e78de5aea651cdca6453f40?s=96&d=mm&r=g","contentUrl":"https:\/\/secure.gravatar.com\/avatar\/150fccb9922dcb6d1f6e7375126f3fc973090b6e0e78de5aea651cdca6453f40?s=96&d=mm&r=g","caption":"Gasteiz On"},"sameAs":["http:\/\/www.gasteizon.eus","http:\/\/www.facebook.com\/pasarelagasteizon","https:\/\/x.com\/pasarelagon"],"url":"http:\/\/pasarelagasteizon.com\/wordpress\/author\/gasteizon\/"}]}},"jetpack_featured_media_url":"","jetpack_sharing_enabled":true,"_links":{"self":[{"href":"http:\/\/pasarelagasteizon.com\/wordpress\/wp-json\/wp\/v2\/posts\/8466","targetHints":{"allow":["GET"]}}],"collection":[{"href":"http:\/\/pasarelagasteizon.com\/wordpress\/wp-json\/wp\/v2\/posts"}],"about":[{"href":"http:\/\/pasarelagasteizon.com\/wordpress\/wp-json\/wp\/v2\/types\/post"}],"author":[{"embeddable":true,"href":"http:\/\/pasarelagasteizon.com\/wordpress\/wp-json\/wp\/v2\/users\/2"}],"replies":[{"embeddable":true,"href":"http:\/\/pasarelagasteizon.com\/wordpress\/wp-json\/wp\/v2\/comments?post=8466"}],"version-history":[{"count":0,"href":"http:\/\/pasarelagasteizon.com\/wordpress\/wp-json\/wp\/v2\/posts\/8466\/revisions"}],"wp:attachment":[{"href":"http:\/\/pasarelagasteizon.com\/wordpress\/wp-json\/wp\/v2\/media?parent=8466"}],"wp:term":[{"taxonomy":"category","embeddable":true,"href":"http:\/\/pasarelagasteizon.com\/wordpress\/wp-json\/wp\/v2\/categories?post=8466"},{"taxonomy":"post_tag","embeddable":true,"href":"http:\/\/pasarelagasteizon.com\/wordpress\/wp-json\/wp\/v2\/tags?post=8466"}],"curies":[{"name":"wp","href":"https:\/\/api.w.org\/{rel}","templated":true}]}}